{"id":1004,"date":"2017-05-29T09:00:01","date_gmt":"2017-05-29T07:00:01","guid":{"rendered":"http:\/\/uilg.be\/blog\/?p=1004"},"modified":"2017-05-28T22:23:41","modified_gmt":"2017-05-28T20:23:41","slug":"ufiib-fabi-grande-enquete-salariale-2017","status":"publish","type":"post","link":"http:\/\/uilg.be\/blog\/ufiib-fabi-grande-enquete-salariale-2017\/","title":{"rendered":"UFIIB-FABI : Grande enqu\u00eate salariale 2017"},"content":{"rendered":"<p><img data-recalc-dims=\"1\" loading=\"lazy\" decoding=\"async\" class=\"aligncenter\" src=\"https:\/\/i0.wp.com\/www.ufiib.be\/images\/ufiib.png?resize=145%2C129\" width=\"145\" height=\"129\" \/><\/p>\n<h1 style=\"text-align: center;\">GRANDE ENQU\u00caTE SALARIALE 2017<\/h1>\n<p>Nous vous invitons \u00e0 participer \u00e0 notre grande enqu\u00eate qui ne vous prendra que quelques minutes. Il est important que tout ing\u00e9nieur en activit\u00e9 y participe afin d&rsquo;assurer une repr\u00e9sentativit\u00e9 statistique indiscutable.<\/p>\n<p>N&rsquo;h\u00e9sitez pas \u00e0 transmettre le lien \u00e0 vos coll\u00e8gues ing\u00e9nieurs.<\/p>\n<p><a href=\"http:\/\/www.ufiib.be\/sondage.htm\"><img data-recalc-dims=\"1\" decoding=\"async\" src=\"https:\/\/i0.wp.com\/www.ufiib.be\/images\/visuel_enquete_V3_horizontal.jpg?w=584\" \/><\/a><\/p>\n<p><strong>Francois RUSSE<\/strong><br \/>\nPr\u00e9sident de L&rsquo;UFIIB<br \/>\nRue Hobbema 2<br \/>\n1000 Bruxelles<br \/>\nT\u00e9l. 02\/734.75.10<br \/>\nSite web:\u00a0<a href=\"http:\/\/www.ufiib.be\/\" target=\"_blank\" rel=\"noopener noreferrer\">http:\/\/www.ufiib.be<\/a><\/p>\n","protected":false},"excerpt":{"rendered":"<p>GRANDE ENQU\u00caTE SALARIALE 2017 Nous vous invitons \u00e0 participer \u00e0 notre grande enqu\u00eate qui ne vous prendra que quelques minutes. Il est important que tout ing\u00e9nieur en activit\u00e9 y participe afin d&rsquo;assurer une repr\u00e9sentativit\u00e9 statistique indiscutable. N&rsquo;h\u00e9sitez pas \u00e0 transmettre &hellip; <a href=\"http:\/\/uilg.be\/blog\/ufiib-fabi-grande-enquete-salariale-2017\/\">Continuer la lecture <span class=\"meta-nav\">&rarr;<\/span><\/a><\/p>\n","protected":false},"author":1,"featured_media":0,"comment_status":"open","ping_status":"open","sticky":false,"template":"","format":"standard","meta":{"_monsterinsights_skip_tracking":false,"_monsterinsights_sitenote_active":false,"_monsterinsights_sitenote_note":"","_monsterinsights_sitenote_category":0,"jetpack_post_was_ever_published":false,"_jetpack_newsletter_access":"","_jetpack_dont_email_post_to_subs":false,"_jetpack_newsletter_tier_id":0,"_jetpack_memberships_contains_paywalled_content":false,"_jetpack_memberships_contains_paid_content":false,"footnotes":"","jetpack_publicize_message":"","jetpack_publicize_feature_enabled":true,"jetpack_social_post_already_shared":true,"jetpack_social_options":{"image_generator_settings":{"template":"highway","default_image_id":0,"font":"","enabled":false},"version":2}},"categories":[17],"tags":[49,48,80],"class_list":["post-1004","post","type-post","status-publish","format-standard","hentry","category-ufiib","tag-enquete-salariale","tag-salaire","tag-ufiib"],"jetpack_publicize_connections":[],"jetpack_featured_media_url":"","jetpack_shortlink":"https:\/\/wp.me\/p3rzaT-gc","jetpack_sharing_enabled":true,"_links":{"self":[{"href":"http:\/\/uilg.be\/blog\/wp-json\/wp\/v2\/posts\/1004","targetHints":{"allow":["GET"]}}],"collection":[{"href":"http:\/\/uilg.be\/blog\/wp-json\/wp\/v2\/posts"}],"about":[{"href":"http:\/\/uilg.be\/blog\/wp-json\/wp\/v2\/types\/post"}],"author":[{"embeddable":true,"href":"http:\/\/uilg.be\/blog\/wp-json\/wp\/v2\/users\/1"}],"replies":[{"embeddable":true,"href":"http:\/\/uilg.be\/blog\/wp-json\/wp\/v2\/comments?post=1004"}],"version-history":[{"count":1,"href":"http:\/\/uilg.be\/blog\/wp-json\/wp\/v2\/posts\/1004\/revisions"}],"predecessor-version":[{"id":1005,"href":"http:\/\/uilg.be\/blog\/wp-json\/wp\/v2\/posts\/1004\/revisions\/1005"}],"wp:attachment":[{"href":"http:\/\/uilg.be\/blog\/wp-json\/wp\/v2\/media?parent=1004"}],"wp:term":[{"taxonomy":"category","embeddable":true,"href":"http:\/\/uilg.be\/blog\/wp-json\/wp\/v2\/categories?post=1004"},{"taxonomy":"post_tag","embeddable":true,"href":"http:\/\/uilg.be\/blog\/wp-json\/wp\/v2\/tags?post=1004"}],"curies":[{"name":"wp","href":"https:\/\/api.w.org\/{rel}","templated":true}]}}