{"id":127,"date":"2007-12-17T11:33:45","date_gmt":"2007-12-17T10:33:45","guid":{"rendered":"http:\/\/uilg.be\/blog\/?p=127"},"modified":"2013-05-02T10:08:52","modified_gmt":"2013-05-02T08:08:52","slug":"laureat-du-travail-ceremonie-de-remise-solennelle-des-insignes-du-28102007","status":"publish","type":"post","link":"http:\/\/uilg.be\/blog\/laureat-du-travail-ceremonie-de-remise-solennelle-des-insignes-du-28102007\/","title":{"rendered":"Laur\u00e9at du travail \u2013 c\u00e9r\u00e9monie de remise solennelle des insignes du 28\/10\/2007"},"content":{"rendered":"<p align=\"center\">Salle de Conf\u00e9rence \u2013 Ecole Royale Militaire rue Hobbemastraat 8 \u00e01000 Brussel &#8211; Bruxelles<\/p>\n<p align=\"center\"><b><span style=\"text-decoration: underline;\">Ing\u00e9nieurs industriels et ing\u00e9nieurs techniciens<\/span><\/b><\/p>\n<p align=\"center\"><b><span style=\"text-decoration: underline;\">\u00a0<\/span><\/b><\/p>\n<p align=\"center\"><b><span style=\"text-decoration: underline;\">Liste des Laur\u00e9ats et Cadets du Travail de Belgique de l\u2019UILg asbl<\/span><\/b><\/p>\n<p align=\"center\"><b><span style=\"text-decoration: underline;\">\u00a0<\/span><\/b><\/p>\n<p align=\"center\"><b><span style=\"text-decoration: underline;\">Insigne d\u2019honneur d\u2019or de Laur\u00e9at du Travail<\/span><\/b><\/p>\n<p align=\"center\">Proietti Walt\u00e8re E.A., Oupeye.<\/p>\n<p align=\"center\"><b><span style=\"text-decoration: underline;\">Insigne d\u2019honneur d\u2019argent de Laur\u00e9at du Travail<\/span><\/b><\/p>\n<p align=\"center\">Marra Aldo, Awans.<\/p>\n<p align=\"center\"><b><span style=\"text-decoration: underline;\">Insigne d\u2019honneur de bronze de Laur\u00e9at du Travail<\/span><\/b><\/p>\n<p align=\"center\">Luthers G\u00e9rard N.D.A., Li\u00e8ge.<\/p>\n<p align=\"center\">Vanquin Emmanuel C.M., Neufch\u00e2teau.<\/p>\n<p align=\"center\"><b><span style=\"text-decoration: underline;\">Etoile de Cadet du Travail<\/span><\/b><\/p>\n<p align=\"center\">Crasson Alexandre, Hannut.<\/p>\n<div>\n<p align=\"center\"><b>Doyen d&rsquo;honneur \u00e9m\u00e9rite<\/b><\/p>\n<\/div>\n<p><b>\u00a0<\/b>Monsieur Jean TENGATTINI, Vice-Pr\u00e9sident de l\u2019Union des Ing\u00e9nieurs industriels li\u00e9geois<\/p>\n<p><a href=\"https:\/\/i0.wp.com\/uilg.be\/blog\/wp-content\/uploads\/2013\/04\/Laur%C3%A9at-du-travail.jpg\"><img data-recalc-dims=\"1\" loading=\"lazy\" decoding=\"async\" class=\"alignnone size-thumbnail wp-image-128\" alt=\"Laur\u00e9at du travail\" src=\"https:\/\/i0.wp.com\/uilg.be\/blog\/wp-content\/uploads\/2013\/04\/Laur%C3%A9at-du-travail.jpg?resize=150%2C150\" width=\"150\" height=\"150\" srcset=\"https:\/\/i0.wp.com\/uilg.be\/blog\/wp-content\/uploads\/2013\/04\/Laur%C3%A9at-du-travail.jpg?resize=150%2C150 150w, https:\/\/i0.wp.com\/uilg.be\/blog\/wp-content\/uploads\/2013\/04\/Laur%C3%A9at-du-travail.jpg?zoom=2&amp;resize=150%2C150 300w, https:\/\/i0.wp.com\/uilg.be\/blog\/wp-content\/uploads\/2013\/04\/Laur%C3%A9at-du-travail.jpg?zoom=3&amp;resize=150%2C150 450w\" sizes=\"auto, (max-width: 150px) 100vw, 150px\" \/><\/a><\/p>\n<p>Sur la photo de la table d\u2019honneur, de gauche \u00e0 droite\u00a0:<\/p>\n<p>Monsieur Maurice DEFORT &#8211; Commissaire g\u00e9n\u00e9ral honoraire du Gouvernement aupr\u00e8s de l\u2019Institut royal des Elites du Travail \u2013<\/p>\n<p>Monsieur Georges VANVREKOM &#8211; Pr\u00e9sident du Comit\u00e9 National Organisateur<\/p>\n<p>De heer Val\u00e8re CROES &#8211; Voorzitter van het Koninklijk Instituut der Eliten van de Arbeid<\/p>\n<p>De heer Willy IMBRECHTS &#8211; Commissaris-generaal der Regering bij het Koninklijk Instituut der Eliten van de Arbeid<\/p>\n<p>De heer Leo DUSOLEIL &#8211; Secretaris-generaal van het Koninklijk College der Eredekens van de Arbeid<\/p>\n<p>Lors de cette c\u00e9r\u00e9monie parmi les 107 laur\u00e9ats, plusieurs laur\u00e9ats de l\u2019UILg asbl ont re\u00e7us leurs insignes de laur\u00e9at dans les ordres divers, on a pu notamment relever\u00a0la pr\u00e9sence de notre coll\u00e8gue Ing. PICHOT ROGER MSc, membre de l\u2019UILg depuis 1976, qui a re\u00e7u l\u2019insigne d\u2019argent.<\/p>\n<p>Qu\u2019ils re\u00e7oivent ici de la part du conseil d\u2019administration de l\u2019UILg toutes nos f\u00e9licitations pour l\u2019accomplissement de leur carri\u00e8re professionnelle.<\/p>\n<p align=\"center\">Le CA UILg<\/p>\n","protected":false},"excerpt":{"rendered":"<p>Salle de Conf\u00e9rence \u2013 Ecole Royale Militaire rue Hobbemastraat 8 \u00e01000 Brussel &#8211; Bruxelles Ing\u00e9nieurs industriels et ing\u00e9nieurs techniciens \u00a0 Liste des Laur\u00e9ats et Cadets du Travail de Belgique de l\u2019UILg asbl \u00a0 Insigne d\u2019honneur d\u2019or de Laur\u00e9at du Travail &hellip; <a href=\"http:\/\/uilg.be\/blog\/laureat-du-travail-ceremonie-de-remise-solennelle-des-insignes-du-28102007\/\">Continuer la lecture <span class=\"meta-nav\">&rarr;<\/span><\/a><\/p>\n","protected":false},"author":1,"featured_media":0,"comment_status":"open","ping_status":"open","sticky":false,"template":"","format":"standard","meta":{"_monsterinsights_skip_tracking":false,"_monsterinsights_sitenote_active":false,"_monsterinsights_sitenote_note":"","_monsterinsights_sitenote_category":0,"jetpack_post_was_ever_published":false,"_jetpack_newsletter_access":"","_jetpack_dont_email_post_to_subs":false,"_jetpack_newsletter_tier_id":0,"_jetpack_memberships_contains_paywalled_content":false,"_jetpack_memberships_contains_paid_content":false,"footnotes":"","jetpack_publicize_message":"","jetpack_publicize_feature_enabled":true,"jetpack_social_post_already_shared":false,"jetpack_social_options":{"image_generator_settings":{"template":"highway","default_image_id":0,"font":"","enabled":false},"version":2}},"categories":[39],"tags":[10,9],"class_list":["post-127","post","type-post","status-publish","format-standard","hentry","category-connecting","tag-ceremonie","tag-laureat-du-travail"],"jetpack_publicize_connections":[],"jetpack_featured_media_url":"","jetpack_shortlink":"https:\/\/wp.me\/p3rzaT-23","jetpack_sharing_enabled":true,"_links":{"self":[{"href":"http:\/\/uilg.be\/blog\/wp-json\/wp\/v2\/posts\/127","targetHints":{"allow":["GET"]}}],"collection":[{"href":"http:\/\/uilg.be\/blog\/wp-json\/wp\/v2\/posts"}],"about":[{"href":"http:\/\/uilg.be\/blog\/wp-json\/wp\/v2\/types\/post"}],"author":[{"embeddable":true,"href":"http:\/\/uilg.be\/blog\/wp-json\/wp\/v2\/users\/1"}],"replies":[{"embeddable":true,"href":"http:\/\/uilg.be\/blog\/wp-json\/wp\/v2\/comments?post=127"}],"version-history":[{"count":4,"href":"http:\/\/uilg.be\/blog\/wp-json\/wp\/v2\/posts\/127\/revisions"}],"predecessor-version":[{"id":272,"href":"http:\/\/uilg.be\/blog\/wp-json\/wp\/v2\/posts\/127\/revisions\/272"}],"wp:attachment":[{"href":"http:\/\/uilg.be\/blog\/wp-json\/wp\/v2\/media?parent=127"}],"wp:term":[{"taxonomy":"category","embeddable":true,"href":"http:\/\/uilg.be\/blog\/wp-json\/wp\/v2\/categories?post=127"},{"taxonomy":"post_tag","embeddable":true,"href":"http:\/\/uilg.be\/blog\/wp-json\/wp\/v2\/tags?post=127"}],"curies":[{"name":"wp","href":"https:\/\/api.w.org\/{rel}","templated":true}]}}