{"id":505,"date":"2014-04-29T14:24:17","date_gmt":"2014-04-29T12:24:17","guid":{"rendered":"http:\/\/uilg.be\/blog\/?p=505"},"modified":"2014-04-29T14:24:17","modified_gmt":"2014-04-29T12:24:17","slug":"iret","status":"publish","type":"post","link":"http:\/\/uilg.be\/blog\/iret\/","title":{"rendered":"IRET : Professions &#038; m\u00e9tiers de l\u2019Ing\u00e9nieur : Master of Science"},"content":{"rendered":"<h2 class=\"art-postheader\" style=\"color: #1e4567;\">Source :\u00a0<a href=\"http:\/\/www.iret-kiea.be\/site\/wordpress\/?page_id=1514&amp;lang=fr\">http:\/\/www.iret-kiea.be\/site\/wordpress\/?page_id=1514&amp;lang=fr<\/a><\/h2>\n<div class=\"art-postcontent\" style=\"color: #334852;\">\n<p>&nbsp;<\/p>\n<p><a href=\"https:\/\/i0.wp.com\/uilg.be\/blog\/wp-content\/uploads\/2014\/04\/533272_10150925413762125_1865228717_n.jpg\"><img data-recalc-dims=\"1\" loading=\"lazy\" decoding=\"async\" class=\"wp-image-506 alignleft\" src=\"https:\/\/i0.wp.com\/uilg.be\/blog\/wp-content\/uploads\/2014\/04\/533272_10150925413762125_1865228717_n.jpg?resize=89%2C89\" alt=\"533272_10150925413762125_1865228717_n\" width=\"89\" height=\"89\" srcset=\"https:\/\/i0.wp.com\/uilg.be\/blog\/wp-content\/uploads\/2014\/04\/533272_10150925413762125_1865228717_n.jpg?w=200 200w, https:\/\/i0.wp.com\/uilg.be\/blog\/wp-content\/uploads\/2014\/04\/533272_10150925413762125_1865228717_n.jpg?resize=150%2C150 150w\" sizes=\"auto, (max-width: 89px) 100vw, 89px\" \/><\/a><\/p>\n<p>L\u2019Institut royal des Elites du Travail organise en partenariat avec la CIBIC (KVIV-FABI-UFIIB-VIK) et les organisations repr\u00e9sentatives des travailleurs une proc\u00e9dure de s\u00e9lection de Laur\u00e9at du travail \u2013 Label\u00a0: Professional, Tutor ou\u00a0 Mentor.<\/p>\n<h3 style=\"font-weight: bold; color: #214d73;\"><strong>Comment s\u2019inscrire ?<\/strong><\/h3>\n<p>Le bulletin d\u2019inscription et le r\u00e8glement peuvent \u00eatre obtenus :<\/p>\n<ul style=\"color: #000000;\">\n<li>En le t\u00e9l\u00e9chargeant\u00a0<a style=\"color: #a22527;\" href=\"http:\/\/www.iret-kiea.be\/reglattest\/S72\/S72_Form_FR.pdf\" target=\"_blank\">ici.<\/a><\/li>\n<li>Aupr\u00e8s de l\u2019Institut royal des Elites du Travail \u2013 rue des Poissonniers 13 Bte 11 \u00e0 1000 BRUXELLES (<b>fax\u00a0: 02 514 05 93<\/b>).<\/li>\n<li>Vous pouvez \u00a0les demander par courrier \u00e9lectronique\u00a0:\u00a0<a style=\"color: #a22527;\" href=\"mailto:info@iret-kiea.be\">info@iret-kiea.be<\/a>.<\/li>\n<li>Vous pouvez vous inscrire via le\u00a0<a style=\"color: #a22527;\" href=\"http:\/\/www.iret-kiea.be\/survey\/index.php\/327293\/lang-fr\" target=\"_blank\">formulaire en ligne, disponible ici<\/a>.<\/li>\n<\/ul>\n<p>La date limite d\u2019inscription a \u00e9t\u00e9 fix\u00e9e au\u00a0<b>31 mai 2014.<\/b><\/p>\n<h2 style=\"color: #214d73;\">Une proc\u00e9dure repens\u00e9e par les professionnels du secteur.<\/h2>\n<h3 style=\"font-weight: bold; color: #214d73;\"><strong>Qu\u2019est-ce qui est nouveau\u00a0?<\/strong><\/h3>\n<ul style=\"color: #000000;\">\n<li>3 cat\u00e9gories propres au secteur \u00ab\u00a0Professions &amp; m\u00e9tiers de l\u2019ing\u00e9nieur\u00a0: Master of Science \u00bb<\/li>\n<li>Vous vous inscrivez \u00e0 la cat\u00e9gorie de votre choix.<\/li>\n<li>Une s\u00e9lection bas\u00e9e sur vos connaissances et votre exp\u00e9rience.<\/li>\n<li>Une s\u00e9lection qui tient compte du m\u00e9tier, de la fonction ou du mandat que vous exercez.<\/li>\n<li>Vous \u00eates d\u00e9j\u00e0 Laur\u00e9at du Travail dans un autre secteur\u00a0? Pas de probl\u00e8me, vous pouvez vous inscrire.<\/li>\n<\/ul>\n<h3 style=\"font-weight: bold; color: #214d73;\"><strong>Qui peut participer ?<\/strong><\/h3>\n<p>La proc\u00e9dure est r\u00e9serv\u00e9e \u00e0 toutes les personnes exer\u00e7ant une profession d\u2019ing\u00e9nieur sans distinction de grade ou de fonction. (Consultez le r\u00e8glement d\u00e9taill\u00e9\u00a0<a style=\"color: #a22527;\" href=\"http:\/\/www.iret-kiea.be\/reglattest\/S72\/S72_regl_FR.pdf\" target=\"_blank\">ici<\/a>\u00a0).<\/p>\n<h3 style=\"font-weight: bold; color: #214d73;\"><b><\/b><strong>S\u2019inscrire\u00a0? Pourquoi\u00a0?<\/strong><\/h3>\n<ul style=\"color: #000000;\">\n<li>Parce que vous faites du bon travail et que vous avez raison d\u2019en \u00eatre fier.<\/li>\n<li>Parce que vous aurez la possibilit\u00e9 de mettre en valeur vos atouts et d\u00e9montrer votre engagement pour votre profession.<\/li>\n<li>Parce que ce titre et ce label constituent un plus pour votre carri\u00e8re.<\/li>\n<li>Parce qu\u2019\u00eatre s\u00e9lectionn\u00e9 vous permettra de sortir votre travail de l\u2019ombre et de devenir un exemple pour les g\u00e9n\u00e9rations futures.<\/li>\n<\/ul>\n<h3 style=\"font-weight: bold; color: #214d73;\">Appel aux employeurs et aux organisations du secteur.<\/h3>\n<p>Dans votre entreprise ou votre organisation, vous connaissez sans aucun doute des personnes qui m\u00e9ritent ces labels. Alors n\u2019h\u00e9sitez pas, encouragez les \u00e0 d\u00e9poser leur candidature.<\/p>\n<h3 style=\"font-weight: bold; color: #214d73;\"><strong>Comment\u00a0?<\/strong><\/h3>\n<ul style=\"color: #000000;\">\n<li>En nous transmettant leurs coordonn\u00e9es.<\/li>\n<li>En leur annon\u00e7ant votre soutien.<\/li>\n<\/ul>\n<h3 style=\"font-weight: bold; color: #214d73;\"><strong>Pourquoi\u00a0?<\/strong><\/h3>\n<ul style=\"color: #000000;\">\n<li>Parce qu\u2019il faut parfois un petit coup de pouce pour oser franchir le pas.<\/li>\n<li>Parce que les candidats s\u00e9lectionn\u00e9s contribueront \u00e0 la renomm\u00e9e de votre entreprise ou organisation.<\/li>\n<li>Parce qu\u2019un secteur qui bouge est un secteur qui m\u00e9rite l\u2019attention et le respect.<\/li>\n<\/ul>\n<\/div>\n","protected":false},"excerpt":{"rendered":"<p>Source :\u00a0http:\/\/www.iret-kiea.be\/site\/wordpress\/?page_id=1514&amp;lang=fr &nbsp; L\u2019Institut royal des Elites du Travail organise en partenariat avec la CIBIC (KVIV-FABI-UFIIB-VIK) et les organisations repr\u00e9sentatives des travailleurs une proc\u00e9dure de s\u00e9lection de Laur\u00e9at du travail \u2013 Label\u00a0: Professional, Tutor ou\u00a0 Mentor. Comment s\u2019inscrire ? Le &hellip; <a href=\"http:\/\/uilg.be\/blog\/iret\/\">Continuer la lecture <span class=\"meta-nav\">&rarr;<\/span><\/a><\/p>\n","protected":false},"author":1,"featured_media":0,"comment_status":"open","ping_status":"open","sticky":false,"template":"","format":"standard","meta":{"_monsterinsights_skip_tracking":false,"_monsterinsights_sitenote_active":false,"_monsterinsights_sitenote_note":"","_monsterinsights_sitenote_category":0,"jetpack_post_was_ever_published":false,"_jetpack_newsletter_access":"","_jetpack_dont_email_post_to_subs":false,"_jetpack_newsletter_tier_id":0,"_jetpack_memberships_contains_paywalled_content":false,"_jetpack_memberships_contains_paid_content":false,"footnotes":"","jetpack_publicize_message":"","jetpack_publicize_feature_enabled":true,"jetpack_social_post_already_shared":true,"jetpack_social_options":{"image_generator_settings":{"template":"highway","default_image_id":0,"font":"","enabled":false},"version":2}},"categories":[17],"tags":[],"class_list":["post-505","post","type-post","status-publish","format-standard","hentry","category-ufiib"],"jetpack_publicize_connections":[],"jetpack_featured_media_url":"","jetpack_shortlink":"https:\/\/wp.me\/s3rzaT-iret","jetpack_sharing_enabled":true,"_links":{"self":[{"href":"http:\/\/uilg.be\/blog\/wp-json\/wp\/v2\/posts\/505","targetHints":{"allow":["GET"]}}],"collection":[{"href":"http:\/\/uilg.be\/blog\/wp-json\/wp\/v2\/posts"}],"about":[{"href":"http:\/\/uilg.be\/blog\/wp-json\/wp\/v2\/types\/post"}],"author":[{"embeddable":true,"href":"http:\/\/uilg.be\/blog\/wp-json\/wp\/v2\/users\/1"}],"replies":[{"embeddable":true,"href":"http:\/\/uilg.be\/blog\/wp-json\/wp\/v2\/comments?post=505"}],"version-history":[{"count":1,"href":"http:\/\/uilg.be\/blog\/wp-json\/wp\/v2\/posts\/505\/revisions"}],"predecessor-version":[{"id":507,"href":"http:\/\/uilg.be\/blog\/wp-json\/wp\/v2\/posts\/505\/revisions\/507"}],"wp:attachment":[{"href":"http:\/\/uilg.be\/blog\/wp-json\/wp\/v2\/media?parent=505"}],"wp:term":[{"taxonomy":"category","embeddable":true,"href":"http:\/\/uilg.be\/blog\/wp-json\/wp\/v2\/categories?post=505"},{"taxonomy":"post_tag","embeddable":true,"href":"http:\/\/uilg.be\/blog\/wp-json\/wp\/v2\/tags?post=505"}],"curies":[{"name":"wp","href":"https:\/\/api.w.org\/{rel}","templated":true}]}}