{"id":768,"date":"2015-12-02T23:22:36","date_gmt":"2015-12-02T22:22:36","guid":{"rendered":"http:\/\/uilg.be\/blog\/?p=768"},"modified":"2015-12-02T23:22:55","modified_gmt":"2015-12-02T22:22:55","slug":"hepl-ingenieurs-industriels-voyage-pedagogique-a-zurich-geneve-et-mulhouse","status":"publish","type":"post","link":"http:\/\/uilg.be\/blog\/hepl-ingenieurs-industriels-voyage-pedagogique-a-zurich-geneve-et-mulhouse\/","title":{"rendered":"HEPL : Ing\u00e9nieurs industriels : voyage p\u00e9dagogique \u00e0 Z\u00fcrich, Gen\u00e8ve et Mulhouse"},"content":{"rendered":"<p><strong>Les futurs ing\u00e9nieurs industriels en \u00e9lectrom\u00e9canique et \u00e9lectronique sont partis en voyage p\u00e9dagogique du dimanche 1er novembre au vendredi 6 novembre 2015.<\/strong><\/p>\n<p><img data-recalc-dims=\"1\" decoding=\"async\" src=\"https:\/\/i0.wp.com\/www.provincedeliege.be\/sites\/default\/files\/styles\/plg_medias_800\/public\/media\/10005\/HEPL%20visite%20ing%C3%A9nieurs.jpg?w=584\" alt=\"\" \/>Le groupe d&rsquo;\u00e9tudiants du bloc 2 du Master en Sciences de l&rsquo;Ing\u00e9nieur industriel &#8211; Finalit\u00e9s Electrom\u00e9canique et Electronique sont partis en voyage p\u00e9dagogique du dimanche 1er novembre au vendredi 6 novembre 2015, accompagn\u00e9s de leurs professeurs Mme Portier et MM. Boemer et Roland.<\/p>\n<p>La premi\u00e8re visite du lundi \u00e9tait sur le site de production de ABB \u00e0 Z\u00fcrich, sp\u00e9cialis\u00e9 dans l&rsquo;\u00e9nergie industrielle. Le Manager a donn\u00e9 en anglais une pr\u00e9sentation g\u00e9n\u00e9rale de l&rsquo;entreprise. Deux groupes se sont constitu\u00e9s et les \u00e9tudiants ont visit\u00e9 le site de production dans le d\u00e9tail.<\/p>\n<p>La visite du mardi matin s&rsquo;est r\u00e9alis\u00e9e \u00e0 l&rsquo;institut Paul Scherrer au nord de Z\u00fcrich. Cet institut est compos\u00e9 de 1500 chercheurs dans des domaines tr\u00e8s divers tels que l&rsquo;\u00e9nergie, la sant\u00e9 ou encore l&rsquo;environnement. Sp\u00e9cialiste dans l&rsquo;acc\u00e9l\u00e9rateur de particules, l&rsquo;institut a d\u00e9velopp\u00e9 des machines unique au monde permettant de traiter deux types de cancer (oeil et cerveau) par la prototh\u00e9rapie. Les \u00e9tudiants ont visit\u00e9 le site en d\u00e9tail et ont \u00e9t\u00e9 tr\u00e8s int\u00e9ress\u00e9s par les technologies d\u00e9velopp\u00e9es.<\/p>\n<p>Le mardi apr\u00e8s-midi, ils ont \u00e9t\u00e9 accueillis chez GF Industry, dont la sp\u00e9cialit\u00e9 est la machine d&rsquo;usinage \u00e0 5 axes. Reconnu internationalement, GF d\u00e9veloppe un outil adapt\u00e9 aux clients et capables d&rsquo;usiner des pi\u00e8ces de tout calibre. La pr\u00e9sentation \u00e9tait assur\u00e9e en fran\u00e7ais et la visite en anglais.<\/p>\n<p>Mercredi, le groupe a fait route sur Gen\u00e8ve et a visit\u00e9 les fabuleuses installations du CERN.<\/p>\n<p>Le jeudi \u00e9tait consacr\u00e9 \u00e0 la route vers Mulhouse le matin. La visite du mus\u00e9e du train ou du mus\u00e9e de l&rsquo;automobile \u00e9tait au programme ainsi que la visite du centre de la ville de Mulhouse.<\/p>\n<p>Le vendredi matin, l&rsquo;usine PSA Peugeot Citro\u00ebn a ouvert ses portes aux \u00e9tudiants qui ont appr\u00e9ci\u00e9 la cha\u00eene de montage automobile. Retour sur Li\u00e8ge en soir\u00e9e et un repos bien m\u00e9rit\u00e9 apr\u00e8s cette semaine tr\u00e8s riche en d\u00e9couvertes !<\/p>\n<p>&nbsp;<\/p>\n<p>Source :\u00a0<a href=\"http:\/\/www.provincedeliege.be\/fr\/evenement\/27?nid=10005&amp;from=actu\">http:\/\/www.provincedeliege.be\/fr\/evenement\/27?nid=10005&amp;from=actu<\/a><\/p>\n","protected":false},"excerpt":{"rendered":"<p>Les futurs ing\u00e9nieurs industriels en \u00e9lectrom\u00e9canique et \u00e9lectronique sont partis en voyage p\u00e9dagogique du dimanche 1er novembre au vendredi 6 novembre 2015. Le groupe d&rsquo;\u00e9tudiants du bloc 2 du Master en Sciences de l&rsquo;Ing\u00e9nieur industriel &#8211; Finalit\u00e9s Electrom\u00e9canique et Electronique &hellip; <a href=\"http:\/\/uilg.be\/blog\/hepl-ingenieurs-industriels-voyage-pedagogique-a-zurich-geneve-et-mulhouse\/\">Continuer la lecture <span class=\"meta-nav\">&rarr;<\/span><\/a><\/p>\n","protected":false},"author":1,"featured_media":0,"comment_status":"open","ping_status":"open","sticky":false,"template":"","format":"standard","meta":{"_monsterinsights_skip_tracking":false,"_monsterinsights_sitenote_active":false,"_monsterinsights_sitenote_note":"","_monsterinsights_sitenote_category":0,"jetpack_post_was_ever_published":false,"_jetpack_newsletter_access":"","_jetpack_dont_email_post_to_subs":false,"_jetpack_newsletter_tier_id":0,"_jetpack_memberships_contains_paywalled_content":false,"_jetpack_memberships_contains_paid_content":false,"footnotes":"","jetpack_publicize_message":"","jetpack_publicize_feature_enabled":true,"jetpack_social_post_already_shared":true,"jetpack_social_options":{"image_generator_settings":{"template":"highway","default_image_id":0,"font":"","enabled":false},"version":2}},"categories":[36],"tags":[],"class_list":["post-768","post","type-post","status-publish","format-standard","hentry","category-hepl-2"],"jetpack_publicize_connections":[],"jetpack_featured_media_url":"","jetpack_shortlink":"https:\/\/wp.me\/p3rzaT-co","jetpack_sharing_enabled":true,"_links":{"self":[{"href":"http:\/\/uilg.be\/blog\/wp-json\/wp\/v2\/posts\/768","targetHints":{"allow":["GET"]}}],"collection":[{"href":"http:\/\/uilg.be\/blog\/wp-json\/wp\/v2\/posts"}],"about":[{"href":"http:\/\/uilg.be\/blog\/wp-json\/wp\/v2\/types\/post"}],"author":[{"embeddable":true,"href":"http:\/\/uilg.be\/blog\/wp-json\/wp\/v2\/users\/1"}],"replies":[{"embeddable":true,"href":"http:\/\/uilg.be\/blog\/wp-json\/wp\/v2\/comments?post=768"}],"version-history":[{"count":1,"href":"http:\/\/uilg.be\/blog\/wp-json\/wp\/v2\/posts\/768\/revisions"}],"predecessor-version":[{"id":769,"href":"http:\/\/uilg.be\/blog\/wp-json\/wp\/v2\/posts\/768\/revisions\/769"}],"wp:attachment":[{"href":"http:\/\/uilg.be\/blog\/wp-json\/wp\/v2\/media?parent=768"}],"wp:term":[{"taxonomy":"category","embeddable":true,"href":"http:\/\/uilg.be\/blog\/wp-json\/wp\/v2\/categories?post=768"},{"taxonomy":"post_tag","embeddable":true,"href":"http:\/\/uilg.be\/blog\/wp-json\/wp\/v2\/tags?post=768"}],"curies":[{"name":"wp","href":"https:\/\/api.w.org\/{rel}","templated":true}]}}