{"id":890,"date":"2016-06-16T00:08:19","date_gmt":"2016-06-15T22:08:19","guid":{"rendered":"http:\/\/uilg.be\/blog\/?p=890"},"modified":"2016-06-16T00:08:19","modified_gmt":"2016-06-15T22:08:19","slug":"adischt-conference-role-social-de-lingenieur-a-responsabilite-sociale-ingenieurs","status":"publish","type":"post","link":"http:\/\/uilg.be\/blog\/adischt-conference-role-social-de-lingenieur-a-responsabilite-sociale-ingenieurs\/","title":{"rendered":"ADISCHt : Conf\u00e9rence : Du r\u00f4le social de l\u2019ing\u00e9nieur \u00e0 la responsabilit\u00e9 sociale des ing\u00e9nieurs"},"content":{"rendered":"<p><img data-recalc-dims=\"1\" loading=\"lazy\" decoding=\"async\" class=\" wp-image-838 alignleft\" src=\"https:\/\/i0.wp.com\/uilg.be\/blog\/wp-content\/uploads\/2016\/04\/Capture.jpg?resize=96%2C86\" alt=\"Capture\" width=\"96\" height=\"86\" \/>Ce 19 avril 2016, nos coll\u00e8gues de l&rsquo;ADISCHt ont organis\u00e9\u00a0une <a href=\"http:\/\/uilg.be\/blog\/adisicht-siecle-de-quete-ethique-professionnelle-role-social-de-lingenieur-a-responsabilite-sociale-ingenieurs\/\">conf\u00e9rence<\/a> intitul\u00e9e \u00ab Un si\u00e8cle de\u00a0qu\u00eate pour une \u00e9thique professionnelle : du r\u00f4le social de l\u2019ing\u00e9nieur \u00e0 la responsabilit\u00e9 sociale des ing\u00e9nieurs \u00bb.<\/p>\n<p>&nbsp;<\/p>\n<p>Une premi\u00e8re vid\u00e9o extraite de la conf\u00e9rence est consultable sur <a href=\"http:\/\/www.adisicht.be\/conference19042016.php\">leur site<\/a>\u00a0:<\/p>\n<p><a href=\"http:\/\/www.adisicht.be\/conference19042016.php\"><img data-recalc-dims=\"1\" loading=\"lazy\" decoding=\"async\" class=\"alignleft size-full wp-image-891\" src=\"https:\/\/i0.wp.com\/uilg.be\/blog\/wp-content\/uploads\/2016\/06\/Capture.jpg?resize=584%2C329\" alt=\"Capture\" width=\"584\" height=\"329\" srcset=\"https:\/\/i0.wp.com\/uilg.be\/blog\/wp-content\/uploads\/2016\/06\/Capture.jpg?w=1028 1028w, https:\/\/i0.wp.com\/uilg.be\/blog\/wp-content\/uploads\/2016\/06\/Capture.jpg?resize=300%2C169 300w, https:\/\/i0.wp.com\/uilg.be\/blog\/wp-content\/uploads\/2016\/06\/Capture.jpg?resize=768%2C433 768w, https:\/\/i0.wp.com\/uilg.be\/blog\/wp-content\/uploads\/2016\/06\/Capture.jpg?resize=1024%2C577 1024w, https:\/\/i0.wp.com\/uilg.be\/blog\/wp-content\/uploads\/2016\/06\/Capture.jpg?resize=500%2C282 500w\" sizes=\"auto, (max-width: 584px) 100vw, 584px\" \/><\/a><\/p>\n<p>&nbsp;<\/p>\n","protected":false},"excerpt":{"rendered":"<p>Ce 19 avril 2016, nos coll\u00e8gues de l&rsquo;ADISCHt ont organis\u00e9\u00a0une conf\u00e9rence intitul\u00e9e \u00ab Un si\u00e8cle de\u00a0qu\u00eate pour une \u00e9thique professionnelle : du r\u00f4le social de l\u2019ing\u00e9nieur \u00e0 la responsabilit\u00e9 sociale des ing\u00e9nieurs \u00bb. &nbsp; Une premi\u00e8re vid\u00e9o extraite de la &hellip; <a href=\"http:\/\/uilg.be\/blog\/adischt-conference-role-social-de-lingenieur-a-responsabilite-sociale-ingenieurs\/\">Continuer la lecture <span class=\"meta-nav\">&rarr;<\/span><\/a><\/p>\n","protected":false},"author":1,"featured_media":0,"comment_status":"open","ping_status":"open","sticky":false,"template":"","format":"standard","meta":{"_monsterinsights_skip_tracking":false,"_monsterinsights_sitenote_active":false,"_monsterinsights_sitenote_note":"","_monsterinsights_sitenote_category":0,"jetpack_post_was_ever_published":false,"_jetpack_newsletter_access":"","_jetpack_dont_email_post_to_subs":false,"_jetpack_newsletter_tier_id":0,"_jetpack_memberships_contains_paywalled_content":false,"_jetpack_memberships_contains_paid_content":false,"footnotes":"","jetpack_publicize_message":"","jetpack_publicize_feature_enabled":true,"jetpack_social_post_already_shared":true,"jetpack_social_options":{"image_generator_settings":{"template":"highway","default_image_id":0,"font":"","enabled":false},"version":2}},"categories":[1],"tags":[],"class_list":["post-890","post","type-post","status-publish","format-standard","hentry","category-uncategorized"],"jetpack_publicize_connections":[],"jetpack_featured_media_url":"","jetpack_shortlink":"https:\/\/wp.me\/p3rzaT-em","jetpack_sharing_enabled":true,"_links":{"self":[{"href":"http:\/\/uilg.be\/blog\/wp-json\/wp\/v2\/posts\/890","targetHints":{"allow":["GET"]}}],"collection":[{"href":"http:\/\/uilg.be\/blog\/wp-json\/wp\/v2\/posts"}],"about":[{"href":"http:\/\/uilg.be\/blog\/wp-json\/wp\/v2\/types\/post"}],"author":[{"embeddable":true,"href":"http:\/\/uilg.be\/blog\/wp-json\/wp\/v2\/users\/1"}],"replies":[{"embeddable":true,"href":"http:\/\/uilg.be\/blog\/wp-json\/wp\/v2\/comments?post=890"}],"version-history":[{"count":1,"href":"http:\/\/uilg.be\/blog\/wp-json\/wp\/v2\/posts\/890\/revisions"}],"predecessor-version":[{"id":892,"href":"http:\/\/uilg.be\/blog\/wp-json\/wp\/v2\/posts\/890\/revisions\/892"}],"wp:attachment":[{"href":"http:\/\/uilg.be\/blog\/wp-json\/wp\/v2\/media?parent=890"}],"wp:term":[{"taxonomy":"category","embeddable":true,"href":"http:\/\/uilg.be\/blog\/wp-json\/wp\/v2\/categories?post=890"},{"taxonomy":"post_tag","embeddable":true,"href":"http:\/\/uilg.be\/blog\/wp-json\/wp\/v2\/tags?post=890"}],"curies":[{"name":"wp","href":"https:\/\/api.w.org\/{rel}","templated":true}]}}