{"id":1027,"date":"2017-09-25T20:58:16","date_gmt":"2017-09-25T18:58:16","guid":{"rendered":"http:\/\/uilg.be\/blog\/?p=1027"},"modified":"2017-09-25T20:58:16","modified_gmt":"2017-09-25T18:58:16","slug":"prix-ingenieurs-frontieres-philippe-carlier-2017-recompensera-t-tfe","status":"publish","type":"post","link":"https:\/\/uilg.be\/blog\/prix-ingenieurs-frontieres-philippe-carlier-2017-recompensera-t-tfe\/","title":{"rendered":"Le Prix Ing\u00e9nieurs sans Fronti\u00e8res-Philippe Carlier 2017 r\u00e9compensera-t-il ton TFE ?"},"content":{"rendered":"<h2>Impliquer la communaut\u00e9 \u00e9tudiante pour r\u00e9pondre aux enjeux du XXIe si\u00e8cle<\/h2>\n<p>Chaque ann\u00e9e, le Prix Ing\u00e9nieurs Sans Fronti\u00e8res &#8211; Philippe Carlier r\u00e9compense\u00a0<strong>un travail de fin d\u2019\u00e9tudes contribuant significativement au d\u00e9veloppement ou \u00e0 l\u2019adaptation de technologies r\u00e9pondant \u00e0 des besoins exprim\u00e9s dans les pays en d\u00e9veloppement.<\/strong>\u00a0Ce prix s\u2019adresse aux \u00e9tudiants r\u00e9guli\u00e8rement inscrits dans une universit\u00e9 ou dans une \u00e9cole d\u2019Ing\u00e9nieurs de la Communaut\u00e9 Fran\u00e7aise de Belgique.<\/p>\n<p><img data-recalc-dims=\"1\" loading=\"lazy\" decoding=\"async\" class=\"size-full wp-image-970 alignleft\" src=\"https:\/\/i0.wp.com\/www.isf-iai.be\/wp-content\/uploads\/2015\/07\/prixisf-e14368694712091.jpg?resize=584%2C341\" sizes=\"auto, (max-width: 600px) 100vw, 600px\" srcset=\"https:\/\/www.isf-iai.be\/wp-content\/uploads\/2015\/07\/prixisf-e14368694712091.jpg 600w, https:\/\/www.isf-iai.be\/wp-content\/uploads\/2015\/07\/prixisf-e14368694712091-300x175.jpg 300w\" alt=\"prixisf\" width=\"584\" height=\"341\" \/><\/p>\n<h2><\/h2>\n<p><strong>Les candidatures pour le prix 2017 doivent \u00eatre d\u00e9pos\u00e9es avant le 16\/10\/2017 chez<\/strong><strong><a href=\"mailto:haltinok@isf-iai.be\">\u00a0H\u00fclya\u00a0Altinok.<\/a><\/strong><\/p>\n<p>Plus d&rsquo;infos :\u00a0<a href=\"https:\/\/www.isf-iai.be\/prix-ingenieurs-sans-frontieres-philippe-carlier\/\">https:\/\/www.isf-iai.be\/prix-ingenieurs-sans-frontieres-philippe-carlier\/<\/a><\/p>\n<h2><img data-recalc-dims=\"1\" loading=\"lazy\" decoding=\"async\" class=\"alignleft\" src=\"https:\/\/i0.wp.com\/isf-iai.be\/wp-content\/uploads\/2014\/08\/logoshadow1.png?resize=210%2C85\" width=\"210\" height=\"85\" border=\"0\" \/><\/h2>\n<p>&nbsp;<\/p>\n","protected":false},"excerpt":{"rendered":"<p>Impliquer la communaut\u00e9 \u00e9tudiante pour r\u00e9pondre aux enjeux du XXIe si\u00e8cle Chaque ann\u00e9e, le Prix Ing\u00e9nieurs Sans Fronti\u00e8res &#8211; Philippe Carlier r\u00e9compense\u00a0un travail de fin d\u2019\u00e9tudes contribuant significativement au d\u00e9veloppement ou \u00e0 l\u2019adaptation de technologies r\u00e9pondant \u00e0 des besoins exprim\u00e9s &hellip; <a href=\"https:\/\/uilg.be\/blog\/prix-ingenieurs-frontieres-philippe-carlier-2017-recompensera-t-tfe\/\">Continuer la lecture <span class=\"meta-nav\">&rarr;<\/span><\/a><\/p>\n","protected":false},"author":1,"featured_media":0,"comment_status":"open","ping_status":"open","sticky":false,"template":"","format":"standard","meta":{"_monsterinsights_skip_tracking":false,"_monsterinsights_sitenote_active":false,"_monsterinsights_sitenote_note":"","_monsterinsights_sitenote_category":0,"jetpack_post_was_ever_published":false,"_jetpack_newsletter_access":"","_jetpack_dont_email_post_to_subs":false,"_jetpack_newsletter_tier_id":0,"_jetpack_memberships_contains_paywalled_content":false,"_jetpack_memberships_contains_paid_content":false,"footnotes":"","jetpack_publicize_message":"","jetpack_publicize_feature_enabled":true,"jetpack_social_post_already_shared":true,"jetpack_social_options":{"image_generator_settings":{"template":"highway","default_image_id":0,"font":"","enabled":false},"version":2}},"categories":[1],"tags":[111,112,114,113],"class_list":["post-1027","post","type-post","status-publish","format-standard","hentry","category-uncategorized","tag-ingenieurs-sans-frontieres","tag-isf","tag-prix","tag-tfe"],"jetpack_publicize_connections":[],"jetpack_featured_media_url":"","jetpack_shortlink":"https:\/\/wp.me\/p3rzaT-gz","jetpack_sharing_enabled":true,"_links":{"self":[{"href":"https:\/\/uilg.be\/blog\/wp-json\/wp\/v2\/posts\/1027","targetHints":{"allow":["GET"]}}],"collection":[{"href":"https:\/\/uilg.be\/blog\/wp-json\/wp\/v2\/posts"}],"about":[{"href":"https:\/\/uilg.be\/blog\/wp-json\/wp\/v2\/types\/post"}],"author":[{"embeddable":true,"href":"https:\/\/uilg.be\/blog\/wp-json\/wp\/v2\/users\/1"}],"replies":[{"embeddable":true,"href":"https:\/\/uilg.be\/blog\/wp-json\/wp\/v2\/comments?post=1027"}],"version-history":[{"count":1,"href":"https:\/\/uilg.be\/blog\/wp-json\/wp\/v2\/posts\/1027\/revisions"}],"predecessor-version":[{"id":1028,"href":"https:\/\/uilg.be\/blog\/wp-json\/wp\/v2\/posts\/1027\/revisions\/1028"}],"wp:attachment":[{"href":"https:\/\/uilg.be\/blog\/wp-json\/wp\/v2\/media?parent=1027"}],"wp:term":[{"taxonomy":"category","embeddable":true,"href":"https:\/\/uilg.be\/blog\/wp-json\/wp\/v2\/categories?post=1027"},{"taxonomy":"post_tag","embeddable":true,"href":"https:\/\/uilg.be\/blog\/wp-json\/wp\/v2\/tags?post=1027"}],"curies":[{"name":"wp","href":"https:\/\/api.w.org\/{rel}","templated":true}]}}