{"id":1030,"date":"2017-10-18T20:16:47","date_gmt":"2017-10-18T18:16:47","guid":{"rendered":"http:\/\/uilg.be\/blog\/?p=1030"},"modified":"2017-10-18T20:16:47","modified_gmt":"2017-10-18T18:16:47","slug":"de-1892-a-aujourdhui-de-lecole-sucriere-a-hepl","status":"publish","type":"post","link":"https:\/\/uilg.be\/blog\/de-1892-a-aujourdhui-de-lecole-sucriere-a-hepl\/","title":{"rendered":"De 1892 \u00e0 aujourd\u2019hui : de l\u2019\u00c9cole Sucri\u00e8re \u00e0 la HEPL!"},"content":{"rendered":"<h1><strong>Cette ann\u00e9e, notre \u00e9cole d\u2019ing\u00e9nieurs f\u00eate son 125e anniversaire !<\/strong><\/h1>\n<p>Situ\u00e9e sur la rive droite de la Meuse, au c\u0153ur de la Cit\u00e9 ardente, elle a toujours propos\u00e9 un enseignement en phase avec son \u00e9poque et ses \u00e9volutions, et continue d&rsquo;offrir un projet p\u00e9dagogique moderne, enclin aux progr\u00e8s technologiques.<\/p>\n<p><img data-recalc-dims=\"1\" loading=\"lazy\" decoding=\"async\" class=\"wp-image-1031 aligncenter\" src=\"https:\/\/i0.wp.com\/uilg.be\/blog\/wp-content\/uploads\/2017\/10\/P9-HEPL-125-ans-ing%C3%A9nieurs.jpg?resize=297%2C230\" alt=\"\" width=\"297\" height=\"230\" srcset=\"https:\/\/i0.wp.com\/uilg.be\/blog\/wp-content\/uploads\/2017\/10\/P9-HEPL-125-ans-ing%C3%A9nieurs.jpg?w=800&amp;ssl=1 800w, https:\/\/i0.wp.com\/uilg.be\/blog\/wp-content\/uploads\/2017\/10\/P9-HEPL-125-ans-ing%C3%A9nieurs.jpg?resize=300%2C231&amp;ssl=1 300w, https:\/\/i0.wp.com\/uilg.be\/blog\/wp-content\/uploads\/2017\/10\/P9-HEPL-125-ans-ing%C3%A9nieurs.jpg?resize=768%2C591&amp;ssl=1 768w\" sizes=\"auto, (max-width: 297px) 100vw, 297px\" \/><\/p>\n<h2><strong>Quelques dates et un brin d&rsquo;histoire\u2026<\/strong><\/h2>\n<p>En 1892, na\u00eet l&rsquo;\u00c9cole Sucri\u00e8re Belge, dont la devise est la suivante\u00a0: \u00ab\u00a0Travail, Sciences et Progr\u00e8s\u00a0\u00bb. L&rsquo;\u00e9cole r\u00e9pond ainsi aux souhaits formul\u00e9s par la Soci\u00e9t\u00e9 G\u00e9n\u00e9rale des Fabricants de Sucre et de l&rsquo;Association Belge des Chimistes. Toutes deux souhaitent favoriser la formation des ing\u00e9nieurs et des techniciens dans une perspective industrielle.<\/p>\n<p>En 1977, l&rsquo;Institut Polytechnique fusionne avec deux autres instituts sup\u00e9rieurs\u00a0: l&rsquo;\u00c9cole d&rsquo;ing\u00e9nieurs techniciens de Seraing cr\u00e9\u00e9e en 1953 et celle d&rsquo;ing\u00e9nieurs techniciens agricoles de Waremme, fond\u00e9e en 1956. C&rsquo;est ainsi que l&rsquo;\u00e9cole devient l&rsquo;ISIL (Institut Sup\u00e9rieur Industriel Li\u00e9geois), g\u00e9r\u00e9 conjointement par la Ville de Li\u00e8ge et la Province de Li\u00e8ge. L&rsquo;ann\u00e9e 1989 marque la fin de cette cogestion et c&rsquo;est donc la Province qui reprend seule le flambeau.<\/p>\n<p>En 1996, l&rsquo;ISIL prend ses quartiers au sein de la Haute \u00c9cole provinciale Rennequin Sualem en tant que d\u00e9partement de type long. En 2007, la Haute \u00c9cole de la Province de Li\u00e8ge na\u00eet de la fusion des 3 Hautes \u00c9coles Rennequin Sualem, L\u00e9on-\u00c9li Troclet et Andr\u00e9 V\u00e9sale.<\/p>\n<h2>Travail, sciences et progr\u00e8s\u00a0: une devise toujours d&rsquo;actualit\u00e9 en 2017\u00a0!<\/h2>\n<p>Aujourd&rsquo;hui, la science et la technologie constituent plus que jamais les outils indispensables pour relever les d\u00e9fis de notre \u00e9poque et faire face \u00e0 l&rsquo;avenir. Leur enseignement autant que leur pratique au sein de la HEPL s&rsquo;av\u00e8rent prioritaires dans une soci\u00e9t\u00e9 qui veut aller de l&rsquo;avant.<\/p>\n<p>En proposant un vaste panel d&rsquo;\u00e9tudes sup\u00e9rieures (bachelier et master), ainsi que des formations continues dans l&rsquo;ensemble des domaines utiles \u00e0 notre soci\u00e9t\u00e9, la HEPL constitue un acteur dynamique, incontournable du d\u00e9veloppement \u00e9conomique et social.<\/p>\n<p>Fid\u00e8le \u00e0 la philosophie qui avait conduit \u00e0 la cr\u00e9ation de l&rsquo;\u00c9cole Sucri\u00e8re Belge il y a 125 ans, notre enseignement vise plus que jamais, au-del\u00e0 de la connaissance, \u00e0 former des individus curieux, imaginatifs et cr\u00e9atifs. Et on ne parle pas uniquement des ing\u00e9nieurs\u00a0! La Cat\u00e9gorie technique de la HEPL, ce sont aussi les formations de Bachelier en Chimie (Biotechnologie &#8211; Biochimie), en Construction, en Infographie, en Informatique et en \u00c9lectrom\u00e9canique.<\/p>\n<h2><strong>125 ans, \u00e7a se f\u00eate\u00a0!<\/strong><\/h2>\n<p>Pour marquer le coup, la Cat\u00e9gorie technique d\u00e9borde d&rsquo;imagination et a concoct\u00e9 un programme sur mesure, histoire de f\u00eater l&rsquo;\u00e9v\u00e9nement tout au long de l&rsquo;ann\u00e9e\u00a0!<\/p>\n<p>Parmi les actions men\u00e9es cette ann\u00e9e, une exposition temporaire s&rsquo;est invit\u00e9e dans les couloirs du b\u00e2timent du quai Gloesener, retra\u00e7ant l&rsquo;\u00e9volution de l&rsquo;histoire de l&rsquo;\u00e9cole, \u00e0 travers une s\u00e9rie de visuels. L&rsquo;expo a \u00e9t\u00e9 mont\u00e9e sur base des faits relat\u00e9s dans l&rsquo;ouvrage de Michel P\u00e9ters prochainement disponible aux \u00c9ditions de la Province de Li\u00e8ge.<\/p>\n<p>De plus, un cycle de conf\u00e9rences sera organis\u00e9 au sein de l&rsquo;\u00e9tablissement, proposant des th\u00e9matiques en relation directe avec le m\u00e9tier d&rsquo;ing\u00e9nieur industriel\u00a0: le futur du m\u00e9tier d&rsquo;ing\u00e9nieur, le statut de l&rsquo;\u00e9tudiant entrepreneur, l&rsquo;\u00e9conomie circulaire ou encore l&rsquo;\u00e9thique des nouvelles technologies. Des sujets susceptibles d&rsquo;int\u00e9resser tant nos \u00e9tudiants que nos partenaires\u00a0!<\/p>\n<p>Et la derni\u00e8re mais non des moindres : une bi\u00e8re \u00e0 l&rsquo;effigie de la Haute \u00c9cole\u00a0! Les \u00e9tudiants chimistes (bacheliers et ing\u00e9nieurs) sont partis \u00e0 la rencontre du monde brassicole dans le cadre de leurs travaux pratiques sur la fermentation. C&rsquo;est ainsi qu&rsquo;est n\u00e9 un brassin d\u00e9di\u00e9 au 125<sup>e<\/sup>\u00a0anniversaire de l&rsquo;\u00e9tablissement. Il faudra attendre la Journ\u00e9e Portes ouvertes du mois d&rsquo;avril pour vous d\u00e9lecter de \u00ab\u00a0La GlouglouseneR\u00a0\u00bb !<\/p>\n<p>Source :\u00a0<a href=\"http:\/\/www.provincedeliege.be\/fr\/evenement\/27?nid=12673&amp;from=actu\">http:\/\/www.provincedeliege.be\/fr\/evenement\/27?nid=12673&amp;from=actu<\/a><\/p>\n","protected":false},"excerpt":{"rendered":"<p>Cette ann\u00e9e, notre \u00e9cole d\u2019ing\u00e9nieurs f\u00eate son 125e anniversaire ! Situ\u00e9e sur la rive droite de la Meuse, au c\u0153ur de la Cit\u00e9 ardente, elle a toujours propos\u00e9 un enseignement en phase avec son \u00e9poque et ses \u00e9volutions, et continue &hellip; <a href=\"https:\/\/uilg.be\/blog\/de-1892-a-aujourdhui-de-lecole-sucriere-a-hepl\/\">Continuer la lecture <span class=\"meta-nav\">&rarr;<\/span><\/a><\/p>\n","protected":false},"author":1,"featured_media":0,"comment_status":"open","ping_status":"open","sticky":false,"template":"","format":"standard","meta":{"_monsterinsights_skip_tracking":false,"_monsterinsights_sitenote_active":false,"_monsterinsights_sitenote_note":"","_monsterinsights_sitenote_category":0,"jetpack_post_was_ever_published":false,"_jetpack_newsletter_access":"","_jetpack_dont_email_post_to_subs":false,"_jetpack_newsletter_tier_id":0,"_jetpack_memberships_contains_paywalled_content":false,"_jetpack_memberships_contains_paid_content":false,"footnotes":"","jetpack_publicize_message":"","jetpack_publicize_feature_enabled":true,"jetpack_social_post_already_shared":true,"jetpack_social_options":{"image_generator_settings":{"template":"highway","default_image_id":0,"font":"","enabled":false},"version":2}},"categories":[36,38,37],"tags":[116,115,12],"class_list":["post-1030","post","type-post","status-publish","format-standard","hentry","category-hepl-2","category-archives","category-uilg-2","tag-116","tag-ecole-sucriere-belge","tag-hepl"],"jetpack_publicize_connections":[],"jetpack_featured_media_url":"","jetpack_shortlink":"https:\/\/wp.me\/p3rzaT-gC","jetpack_sharing_enabled":true,"_links":{"self":[{"href":"https:\/\/uilg.be\/blog\/wp-json\/wp\/v2\/posts\/1030","targetHints":{"allow":["GET"]}}],"collection":[{"href":"https:\/\/uilg.be\/blog\/wp-json\/wp\/v2\/posts"}],"about":[{"href":"https:\/\/uilg.be\/blog\/wp-json\/wp\/v2\/types\/post"}],"author":[{"embeddable":true,"href":"https:\/\/uilg.be\/blog\/wp-json\/wp\/v2\/users\/1"}],"replies":[{"embeddable":true,"href":"https:\/\/uilg.be\/blog\/wp-json\/wp\/v2\/comments?post=1030"}],"version-history":[{"count":1,"href":"https:\/\/uilg.be\/blog\/wp-json\/wp\/v2\/posts\/1030\/revisions"}],"predecessor-version":[{"id":1032,"href":"https:\/\/uilg.be\/blog\/wp-json\/wp\/v2\/posts\/1030\/revisions\/1032"}],"wp:attachment":[{"href":"https:\/\/uilg.be\/blog\/wp-json\/wp\/v2\/media?parent=1030"}],"wp:term":[{"taxonomy":"category","embeddable":true,"href":"https:\/\/uilg.be\/blog\/wp-json\/wp\/v2\/categories?post=1030"},{"taxonomy":"post_tag","embeddable":true,"href":"https:\/\/uilg.be\/blog\/wp-json\/wp\/v2\/tags?post=1030"}],"curies":[{"name":"wp","href":"https:\/\/api.w.org\/{rel}","templated":true}]}}