{"id":1112,"date":"2018-03-22T21:26:14","date_gmt":"2018-03-22T20:26:14","guid":{"rendered":"http:\/\/uilg.be\/blog\/?p=1112"},"modified":"2018-03-22T21:26:46","modified_gmt":"2018-03-22T20:26:46","slug":"connecting-01-2018","status":"publish","type":"post","link":"https:\/\/uilg.be\/blog\/connecting-01-2018\/","title":{"rendered":"Connect&rsquo;Ing 01\/2018"},"content":{"rendered":"<p>Chers membres,<\/p>\n<p>Notre trimestriel Connect&rsquo;Ing vient de sortir et devrait d\u00e9j\u00e0 \u00eatre dans votre bo\u00eete aux lettres.\u00a0 Si ce n&rsquo;est pas le cas, <a href=\"http:\/\/uilg.be\/blog\/membres\/donnees-personnelles\/\">mettez \u00e0 jour vos coordonn\u00e9es (http:\/\/uilg.be\/blog\/membres\/donnees-personnelles\/)<\/a><\/p>\n<p>L&rsquo;\u00e9dition informatique est consultable ici :\u00a0<a href=\"http:\/\/uilg.be\/blog\/wp-content\/uploads\/2018\/03\/2018-01-ConnectIng.pdf\">2018-01-Connect&rsquo;Ing<\/a><a href=\"http:\/\/uilg.be\/blog\/wp-content\/uploads\/2018\/03\/2018-01-ConnectIng.pdf\"><img data-recalc-dims=\"1\" loading=\"lazy\" decoding=\"async\" class=\"aligncenter size-full wp-image-1114\" src=\"https:\/\/i0.wp.com\/uilg.be\/blog\/wp-content\/uploads\/2018\/03\/2018-01-ConnectIng.jpg?resize=584%2C826\" alt=\"\" width=\"584\" height=\"826\" srcset=\"https:\/\/i0.wp.com\/uilg.be\/blog\/wp-content\/uploads\/2018\/03\/2018-01-ConnectIng.jpg?w=1240&amp;ssl=1 1240w, https:\/\/i0.wp.com\/uilg.be\/blog\/wp-content\/uploads\/2018\/03\/2018-01-ConnectIng.jpg?resize=212%2C300&amp;ssl=1 212w, https:\/\/i0.wp.com\/uilg.be\/blog\/wp-content\/uploads\/2018\/03\/2018-01-ConnectIng.jpg?resize=768%2C1086&amp;ssl=1 768w, https:\/\/i0.wp.com\/uilg.be\/blog\/wp-content\/uploads\/2018\/03\/2018-01-ConnectIng.jpg?resize=724%2C1024&amp;ssl=1 724w, https:\/\/i0.wp.com\/uilg.be\/blog\/wp-content\/uploads\/2018\/03\/2018-01-ConnectIng.jpg?w=1168 1168w\" sizes=\"auto, (max-width: 584px) 100vw, 584px\" \/><\/a><u><\/u><\/p>\n<h1><u>Mot du Pr\u00e9sident<\/u><\/h1>\n<p><strong>L\u2019ann\u00e9e 2018<\/strong> s\u2019ouvre avec les souhaits de r\u00e9ussite, bonheurs et sant\u00e9 que le Conseil d\u2019administration vous communique pour votre fid\u00e9lit\u00e9 et implication au sein de notre association.<\/p>\n<p>De nombreuses activit\u00e9s sont programm\u00e9es, vous en trouverez les dates et les descriptions sur notre site www.uilg.be et dans le contenu de nos communications comme au sein de votre p\u00e9riodique <em>Connect\u2019Ing<\/em>.<\/p>\n<p>Dans les dates \u00e0 retenir, cochez le 21 avril 2018 d\u00e8s 10h00 qui sera la journ\u00e9e portes ouvertes de la Haute Ecole de la Province de Li\u00e8ge \u2013 HEPL au quai Gloesener 6 \u00e0 4020 Li\u00e8ge et comme habituellement pendant laquelle nous tiendrons notre Assembl\u00e9e G\u00e9n\u00e9rale dans les murs de celle-ci. Nous vous attendons nombreux pour y \u00e9changer des souvenirs et proposer des projets pour le futur de notre association.<\/p>\n<p>Cette ann\u00e9e 2018 verra la continuation de la c\u00e9l\u00e9bration des 125 ans de l\u2019\u00e9cole au travers de diverses manifestations.<\/p>\n<p>Lors de la s\u00e9ance du 19 d\u00e9cembre 2017 du Parlement de la Communaut\u00e9 fran\u00e7aise, le Ministre de l\u2019Enseignement sup\u00e9rieur Jean-Claude Marcourt a \u00e9t\u00e9 interpell\u00e9 sur la p\u00e9nurie du nombre d\u2019ing\u00e9nieurs industriels dipl\u00f4m\u00e9s. Vous trouverez dans nos news, sur le site \u00ab\u00a0informations\u00a0\u00bb, le texte complet de la r\u00e9ponse du Ministre.<\/p>\n<p>Le 24 mars 2018 se tiendra l\u2019assembl\u00e9e g\u00e9n\u00e9rale de l\u2019UFIIB \u00e0 Gembloux, l\u2019administrateur nous repr\u00e9sentant s\u2019y rendra ainsi que plusieurs membres de l\u2019association afin de vous repr\u00e9senter et de relayer les remarques et questions sp\u00e9cifiques concernant notre association. Le travail des commissions sera aussi expos\u00e9 et communiqu\u00e9 aux membres.<\/p>\n<p>Nous saluons ici dans ce num\u00e9ro la m\u00e9moire de l\u2019Ing. Ernest Dejong Master qui nous a quitt\u00e9 ce 14 janvier 2018. Nous nous souvenons qu\u2019il a profess\u00e9 \u00e0 la HEPL et qu\u2019il a \u00e9t\u00e9 membre de notre association dans laquelle il a \u0153uvr\u00e9 activement au sein du CA de nombreuses ann\u00e9es. Le CA pr\u00e9sente ses sinc\u00e8res condol\u00e9ances \u00e0 sa famille ainsi qu\u2019\u00e0 ses proches.<\/p>\n<p>Comme \u00e0 chaque conclusion, Je vous invite \u00e0 r\u00e9agir et participer \u00e0 nos publications, \u00e0 celles de l\u2019UFIIB, aux informations sur les sites et r\u00e9seaux de ces associations qui veillent \u00e0 vos int\u00e9r\u00eats <a href=\"http:\/\/www.uilg.be\">www.uilg.be<\/a> et <a href=\"http:\/\/www.ufiib.be\">www.ufiib.be<\/a>\u00a0; faites-en vos sites et r\u00e9seaux de r\u00e9f\u00e9rence.<\/p>\n<p>Ing. G\u00e9rard LUTHERS MSc EUR-ING<\/p>\n<p>Pr\u00e9sident UILg ASBL<\/p>\n","protected":false},"excerpt":{"rendered":"<p>Chers membres, Notre trimestriel Connect&rsquo;Ing vient de sortir et devrait d\u00e9j\u00e0 \u00eatre dans votre bo\u00eete aux lettres.\u00a0 Si ce n&rsquo;est pas le cas, mettez \u00e0 jour vos coordonn\u00e9es (http:\/\/uilg.be\/blog\/membres\/donnees-personnelles\/) L&rsquo;\u00e9dition informatique est consultable ici :\u00a02018-01-Connect&rsquo;Ing Mot du Pr\u00e9sident L\u2019ann\u00e9e 2018 &hellip; <a href=\"https:\/\/uilg.be\/blog\/connecting-01-2018\/\">Continuer la lecture <span class=\"meta-nav\">&rarr;<\/span><\/a><\/p>\n","protected":false},"author":1,"featured_media":0,"comment_status":"open","ping_status":"open","sticky":false,"template":"","format":"standard","meta":{"_monsterinsights_skip_tracking":false,"_monsterinsights_sitenote_active":false,"_monsterinsights_sitenote_note":"","_monsterinsights_sitenote_category":0,"jetpack_post_was_ever_published":false,"_jetpack_newsletter_access":"","_jetpack_dont_email_post_to_subs":false,"_jetpack_newsletter_tier_id":0,"_jetpack_memberships_contains_paywalled_content":false,"_jetpack_memberships_contains_paid_content":false,"footnotes":"","jetpack_publicize_message":"","jetpack_publicize_feature_enabled":true,"jetpack_social_post_already_shared":true,"jetpack_social_options":{"image_generator_settings":{"template":"highway","default_image_id":0,"font":"","enabled":false},"version":2}},"categories":[37],"tags":[45],"class_list":["post-1112","post","type-post","status-publish","format-standard","hentry","category-uilg-2","tag-connecting-2"],"jetpack_publicize_connections":[],"jetpack_featured_media_url":"","jetpack_shortlink":"https:\/\/wp.me\/p3rzaT-hW","jetpack_sharing_enabled":true,"_links":{"self":[{"href":"https:\/\/uilg.be\/blog\/wp-json\/wp\/v2\/posts\/1112","targetHints":{"allow":["GET"]}}],"collection":[{"href":"https:\/\/uilg.be\/blog\/wp-json\/wp\/v2\/posts"}],"about":[{"href":"https:\/\/uilg.be\/blog\/wp-json\/wp\/v2\/types\/post"}],"author":[{"embeddable":true,"href":"https:\/\/uilg.be\/blog\/wp-json\/wp\/v2\/users\/1"}],"replies":[{"embeddable":true,"href":"https:\/\/uilg.be\/blog\/wp-json\/wp\/v2\/comments?post=1112"}],"version-history":[{"count":2,"href":"https:\/\/uilg.be\/blog\/wp-json\/wp\/v2\/posts\/1112\/revisions"}],"predecessor-version":[{"id":1116,"href":"https:\/\/uilg.be\/blog\/wp-json\/wp\/v2\/posts\/1112\/revisions\/1116"}],"wp:attachment":[{"href":"https:\/\/uilg.be\/blog\/wp-json\/wp\/v2\/media?parent=1112"}],"wp:term":[{"taxonomy":"category","embeddable":true,"href":"https:\/\/uilg.be\/blog\/wp-json\/wp\/v2\/categories?post=1112"},{"taxonomy":"post_tag","embeddable":true,"href":"https:\/\/uilg.be\/blog\/wp-json\/wp\/v2\/tags?post=1112"}],"curies":[{"name":"wp","href":"https:\/\/api.w.org\/{rel}","templated":true}]}}