{"id":1117,"date":"2018-03-22T09:00:20","date_gmt":"2018-03-22T08:00:20","guid":{"rendered":"http:\/\/uilg.be\/blog\/?p=1117"},"modified":"2018-03-22T21:35:55","modified_gmt":"2018-03-22T20:35:55","slug":"convocation-a-lassemblee-generale-21-avril-2018","status":"publish","type":"post","link":"https:\/\/uilg.be\/blog\/convocation-a-lassemblee-generale-21-avril-2018\/","title":{"rendered":"Convocation \u00e0 l&rsquo;Assembl\u00e9e G\u00e9n\u00e9rale du 21 avril 2018"},"content":{"rendered":"<h2>Date et lieu<\/h2>\n<p>Vous \u00eates cordialement invit\u00e9s \u00e0 participer \u00e0 l\u2019Assembl\u00e9e G\u00e9n\u00e9rale de votre association, l&rsquo;UILg asbl qui se tiendra lors des portes-ouvertes de l&rsquo;ISIL, ce samedi 21 avril 2018 \u00e0 10h. Quai Gloesener 6 \u00e0 4020 Li\u00e8ge.<\/p>\n<p>Vous pourrez \u00e9galement visiter l&rsquo;ISIL lors de votre d\u00e9placement dans l&rsquo;enceinte de la Haute Ecole de la Province de Li\u00e8ge<\/p>\n<p>Pour les absents, n\u2019oubliez pas que vous pouvez donner votre procuration \u00e0 un membre pr\u00e9sent (voir formulaire ci-dessous).<\/p>\n<h2>Ordre du jour<\/h2>\n<ol>\n<li><em>Ouverture de la s\u00e9ance par le pr\u00e9sident l\u2019Ing. G\u00e9rard Luthers\u00a0MSc EUR-Ing<\/em><\/li>\n<li><em>Approbation du compte rendu de l\u2019A.G. du 22 avril 2017<\/em><\/li>\n<li><em>Rapport moral du Secr\u00e9taire G\u00e9n\u00e9ral, l\u2019Ing. Quentin Dr\u00e8ze MSc<\/em><\/li>\n<li><em>Comptes de l\u2019exercice \u00e9coul\u00e9 par le tr\u00e9sorier,\u00a0 l\u2019Ing. Jean-Louis L\u00e9onard MSc<\/em><\/li>\n<li><em>Comptes de l\u2019exercice pr\u00e9c\u00e9dent 2017<br \/>\n&#8211; Rapport des Commissaires V\u00e9rificateurs aux comptes de l\u2019exercice 2017<br \/>\n&#8211; Approbation des comptes de l\u2019exercice 2017 par l\u2019assembl\u00e9e<br \/>\n&#8211; D\u00e9charge aux Administrateurs et aux V\u00e9rificateurs aux comptes pour l\u2019exercice 2017<br \/>\n<\/em><\/li>\n<li><em>Comptes et budget pour le prochain exercice 2018<br \/>\n&#8211; Proposition de budget pour le prochain exercice par le Tr\u00e9sorier l\u2019Ing. Jean-Louis L\u00e9onard MSc<br \/>\n&#8211; D\u00e9signation de deux V\u00e9rificateurs aux comptes pour l\u2019exercice 2018<br \/>\n&#8211; Montant des cotisations 2018<br \/>\n<\/em><\/li>\n<li><em>Bilan des activit\u00e9s 2017 et perspectives 2018 par le Pr\u00e9sident.<\/em><\/li>\n<li><em>Election des Administrateurs.<br \/>\n<\/em><em>&#8211; Sont sortant et r\u00e9\u00e9ligibles\u00a0: n\u00e9ant<br \/>\n&#8211; Les \u00e9ventuelles <a href=\"http:\/\/uilg.be\/blog\/appel-a-candidatures-conseil-dadministration-de-luilg\/\">candidatures<\/a> re\u00e7ues.<br \/>\n<\/em><\/li>\n<\/ol>\n<h2>Rappel<\/h2>\n<p>Le rapport de l&rsquo;assembl\u00e9e g\u00e9n\u00e9rale du 22 avril 2017 est paru dans votre journal \u00ab\u00a0Connect&rsquo;Ing \u00bb du 3\u00e8me trimestre 2017 : <a href=\"http:\/\/uilg.be\/blog\/connecting-03-2017\/\">http:\/\/uilg.be\/blog\/connecting-03-2017\/<\/a><\/p>\n<h2>Repas<\/h2>\n<p>Juste apr\u00e8s l\u2019Assembl\u00e9e G\u00e9n\u00e9rale, vers 13h, nous nous retrouverons, comme nous en avons pris l\u2019habitude, \u00e0 la friterie <a href=\"http:\/\/www.mere-berthe.be\/\">La m\u00e8re Berthe<\/a> et le soir, dans un restaurant plus classique encore \u00e0 d\u00e9finir.<\/p>\n<p>Vous \u00eates \u00e9videmment les bienvenus si vous d\u00e9sirez nous y accompagner, signalez-le-nous par mail \u00e0 <a href=\"mailto:info@uilg.be\">info@uilg.be<\/a>.<\/p>\n","protected":false},"excerpt":{"rendered":"<p>Date et lieu Vous \u00eates cordialement invit\u00e9s \u00e0 participer \u00e0 l\u2019Assembl\u00e9e G\u00e9n\u00e9rale de votre association, l&rsquo;UILg asbl qui se tiendra lors des portes-ouvertes de l&rsquo;ISIL, ce samedi 21 avril 2018 \u00e0 10h. Quai Gloesener 6 \u00e0 4020 Li\u00e8ge. Vous pourrez &hellip; <a href=\"https:\/\/uilg.be\/blog\/convocation-a-lassemblee-generale-21-avril-2018\/\">Continuer la lecture <span class=\"meta-nav\">&rarr;<\/span><\/a><\/p>\n","protected":false},"author":1,"featured_media":0,"comment_status":"open","ping_status":"open","sticky":false,"template":"","format":"standard","meta":{"_monsterinsights_skip_tracking":false,"_monsterinsights_sitenote_active":false,"_monsterinsights_sitenote_note":"","_monsterinsights_sitenote_category":0,"jetpack_post_was_ever_published":false,"_jetpack_newsletter_access":"","_jetpack_dont_email_post_to_subs":false,"_jetpack_newsletter_tier_id":0,"_jetpack_memberships_contains_paywalled_content":false,"_jetpack_memberships_contains_paid_content":false,"footnotes":"","jetpack_publicize_message":"","jetpack_publicize_feature_enabled":true,"jetpack_social_post_already_shared":true,"jetpack_social_options":{"image_generator_settings":{"template":"highway","default_image_id":0,"font":"","enabled":false},"version":2}},"categories":[37],"tags":[],"class_list":["post-1117","post","type-post","status-publish","format-standard","hentry","category-uilg-2"],"jetpack_publicize_connections":[],"jetpack_featured_media_url":"","jetpack_shortlink":"https:\/\/wp.me\/p3rzaT-i1","jetpack_sharing_enabled":true,"_links":{"self":[{"href":"https:\/\/uilg.be\/blog\/wp-json\/wp\/v2\/posts\/1117","targetHints":{"allow":["GET"]}}],"collection":[{"href":"https:\/\/uilg.be\/blog\/wp-json\/wp\/v2\/posts"}],"about":[{"href":"https:\/\/uilg.be\/blog\/wp-json\/wp\/v2\/types\/post"}],"author":[{"embeddable":true,"href":"https:\/\/uilg.be\/blog\/wp-json\/wp\/v2\/users\/1"}],"replies":[{"embeddable":true,"href":"https:\/\/uilg.be\/blog\/wp-json\/wp\/v2\/comments?post=1117"}],"version-history":[{"count":1,"href":"https:\/\/uilg.be\/blog\/wp-json\/wp\/v2\/posts\/1117\/revisions"}],"predecessor-version":[{"id":1118,"href":"https:\/\/uilg.be\/blog\/wp-json\/wp\/v2\/posts\/1117\/revisions\/1118"}],"wp:attachment":[{"href":"https:\/\/uilg.be\/blog\/wp-json\/wp\/v2\/media?parent=1117"}],"wp:term":[{"taxonomy":"category","embeddable":true,"href":"https:\/\/uilg.be\/blog\/wp-json\/wp\/v2\/categories?post=1117"},{"taxonomy":"post_tag","embeddable":true,"href":"https:\/\/uilg.be\/blog\/wp-json\/wp\/v2\/tags?post=1117"}],"curies":[{"name":"wp","href":"https:\/\/api.w.org\/{rel}","templated":true}]}}