{"id":2070,"date":"2020-02-25T12:00:00","date_gmt":"2020-02-25T11:00:00","guid":{"rendered":"http:\/\/uilg.be\/blog\/?p=2070"},"modified":"2021-03-13T12:13:32","modified_gmt":"2021-03-13T11:13:32","slug":"connecting-04-2019","status":"publish","type":"post","link":"https:\/\/uilg.be\/blog\/connecting-04-2019\/","title":{"rendered":"Connect&rsquo;Ing 04\/2019"},"content":{"rendered":"\n<figure class=\"wp-block-image size-large\"><a href=\"http:\/\/uilg.be\/blog\/wp-content\/uploads\/2021\/03\/2019-04-ConnectIng.pdf\"><img data-recalc-dims=\"1\" loading=\"lazy\" decoding=\"async\" width=\"584\" height=\"827\" src=\"https:\/\/i0.wp.com\/uilg.be\/blog\/wp-content\/uploads\/2021\/03\/image.png?resize=584%2C827\" alt=\"\" class=\"wp-image-2071\" srcset=\"https:\/\/i0.wp.com\/uilg.be\/blog\/wp-content\/uploads\/2021\/03\/image.png?resize=723%2C1024&amp;ssl=1 723w, https:\/\/i0.wp.com\/uilg.be\/blog\/wp-content\/uploads\/2021\/03\/image.png?resize=212%2C300&amp;ssl=1 212w, https:\/\/i0.wp.com\/uilg.be\/blog\/wp-content\/uploads\/2021\/03\/image.png?resize=768%2C1087&amp;ssl=1 768w, https:\/\/i0.wp.com\/uilg.be\/blog\/wp-content\/uploads\/2021\/03\/image.png?resize=1085%2C1536&amp;ssl=1 1085w, https:\/\/i0.wp.com\/uilg.be\/blog\/wp-content\/uploads\/2021\/03\/image.png?resize=1447%2C2048&amp;ssl=1 1447w, https:\/\/i0.wp.com\/uilg.be\/blog\/wp-content\/uploads\/2021\/03\/image.png?w=1566&amp;ssl=1 1566w, https:\/\/i0.wp.com\/uilg.be\/blog\/wp-content\/uploads\/2021\/03\/image.png?w=1168 1168w\" sizes=\"auto, (max-width: 584px) 100vw, 584px\" \/><\/a><\/figure>\n\n\n\n<h1 class=\"wp-block-heading\"><a>Mot du Pr\u00e9sident<\/a><\/h1>\n\n\n\n<p>Une fois n\u2019est pas coutume dit-on, nous saluons l\u2019initiative de notre coll\u00e8gue Ing. Guy VERRECAS MSC EUR-ING, ALUMNI d\u2019avoir organis\u00e9 les retrouvailles de la promotion 1977 des dipl\u00f4m\u00e9s de notre Haute Ecole de la Province de Li\u00e8ge de Seraing &#8211; ISIL comme il le cite dans son article. Je vous invite \u00e0 lire cet article repris dans votre <strong>Connect\u2019Ing. 04\/2019<\/strong> que vous tenez en main avec un peu de retard technique sur le planning pr\u00e9vu.<\/p>\n\n\n\n<p>Il a immortalis\u00e9 l\u2019\u00e9v\u00e8nement par de magnifiques photos \u00e9galement prises sur les lieux le 28 septembre 2019 en soir\u00e9e. J\u2019invite les autres coll\u00e8gues ALUMNI qui voudraient faire de m\u00eame \u00e0 nous communiquer leurs intentions dans ce sens. Ils recevront notre soutien et aide pour r\u00e9aliser leur rencontre.<\/p>\n\n\n\n<p>Dans la foul\u00e9e il nous transmet un article technique int\u00e9ressant que nous publions avec le plus grand plaisir dans le Connect\u2019Ing.. Votre revue laisse la place \u00e0 ce genre d\u2019initiatives utiles \u00e0 resserrer les liens entre tous les dipl\u00f4m\u00e9s et notre Haute Ecole.<\/p>\n\n\n\n<p>Nous invitons les anciens et dipl\u00f4m\u00e9s \u00e0 soutenir le conseil d\u2019administration dans ses actions de repr\u00e9sentations et de d\u00e9fense des int\u00e9r\u00eats des Ing. dans la soci\u00e9t\u00e9 et aupr\u00e8s des politiques par leur versement de la cotisation 2020.<\/p>\n\n\n\n<p>En ce d\u00e9but d\u2019ann\u00e9e scolaire 2019-2020, le conseil d\u2019administration souhaite aux \u00e9tudiants de l\u2019ann\u00e9e acad\u00e9mique 2019-2020 une rentr\u00e9e studieuse en vue de la finalisation de leurs \u00e9tudes de Master en Sciences de l\u2019Ing\u00e9nieur industriel.<\/p>\n\n\n\n<p>Le Conseil d\u2019administration de l\u2019UILg ASBL invite les repr\u00e9sentants des membres de l\u2019association des \u00e9tudiants \u00e0 venir nous rejoindre lors de nos CA qui se tiennent le troisi\u00e8me lundi de chaque mois au rez de chauss\u00e9e de la Haute Ecole quai Gloesener 6 \u00e0 4020 Li\u00e8ge de 20h00 \u00e0 22h00.<\/p>\n\n\n\n<p>Votre <strong><u>soutien<\/u><\/strong> par tous vos commentaires, remarques et initiatives conforte les membres du Conseil d\u2019administration dans l\u2019accomplissement de leurs actions, t\u00e2ches ou r\u00e9alisations. Merci \u00e0 vous de vous manifester aupr\u00e8s de votre association.<\/p>\n\n\n\n<p>Comme \u00e0 chaque conclusion, J\u2019invite tous les ALUMNI \u00e0 r\u00e9agir et \u00e0 participer \u00e0 nos publications, \u00e0 celles de l\u2019UFIIB et aux informations sur les sites et r\u00e9seaux de ces associations qui veillent \u00e0 vos int\u00e9r\u00eats d\u2019Ing\u00e9nieur Industriel <a href=\"http:\/\/www.uilg.be\">www.uilg.be<\/a>, <a href=\"http:\/\/www.ufiib.be\">www.ufiib.be<\/a> et <a href=\"http:\/\/www.ingenieursbelges.be\">http:\/\/www.ingenieursbelges.be<\/a>, faites en vos sites et r\u00e9seaux de r\u00e9f\u00e9rences.<\/p>\n\n\n\n<p>Ing. G\u00e9rard LUTHERS MSc EUR-ING<br>Pr\u00e9sident UILg ASBL<\/p>\n","protected":false},"excerpt":{"rendered":"<p>Mot du Pr\u00e9sident Une fois n\u2019est pas coutume dit-on, nous saluons l\u2019initiative de notre coll\u00e8gue Ing. Guy VERRECAS MSC EUR-ING, ALUMNI d\u2019avoir organis\u00e9 les retrouvailles de la promotion 1977 des dipl\u00f4m\u00e9s de notre Haute Ecole de la Province de Li\u00e8ge &hellip; <a href=\"https:\/\/uilg.be\/blog\/connecting-04-2019\/\">Continuer la lecture <span class=\"meta-nav\">&rarr;<\/span><\/a><\/p>\n","protected":false},"author":1,"featured_media":0,"comment_status":"open","ping_status":"open","sticky":false,"template":"","format":"standard","meta":{"_monsterinsights_skip_tracking":false,"_monsterinsights_sitenote_active":false,"_monsterinsights_sitenote_note":"","_monsterinsights_sitenote_category":0,"jetpack_post_was_ever_published":false,"_jetpack_newsletter_access":"","_jetpack_dont_email_post_to_subs":false,"_jetpack_newsletter_tier_id":0,"_jetpack_memberships_contains_paywalled_content":false,"_jetpack_memberships_contains_paid_content":false,"footnotes":"","jetpack_publicize_message":"","jetpack_publicize_feature_enabled":true,"jetpack_social_post_already_shared":true,"jetpack_social_options":{"image_generator_settings":{"template":"highway","default_image_id":0,"font":"","enabled":false},"version":2}},"categories":[1],"tags":[],"class_list":["post-2070","post","type-post","status-publish","format-standard","hentry","category-uncategorized"],"jetpack_publicize_connections":[],"jetpack_featured_media_url":"","jetpack_shortlink":"https:\/\/wp.me\/p3rzaT-xo","jetpack_sharing_enabled":true,"_links":{"self":[{"href":"https:\/\/uilg.be\/blog\/wp-json\/wp\/v2\/posts\/2070","targetHints":{"allow":["GET"]}}],"collection":[{"href":"https:\/\/uilg.be\/blog\/wp-json\/wp\/v2\/posts"}],"about":[{"href":"https:\/\/uilg.be\/blog\/wp-json\/wp\/v2\/types\/post"}],"author":[{"embeddable":true,"href":"https:\/\/uilg.be\/blog\/wp-json\/wp\/v2\/users\/1"}],"replies":[{"embeddable":true,"href":"https:\/\/uilg.be\/blog\/wp-json\/wp\/v2\/comments?post=2070"}],"version-history":[{"count":2,"href":"https:\/\/uilg.be\/blog\/wp-json\/wp\/v2\/posts\/2070\/revisions"}],"predecessor-version":[{"id":2083,"href":"https:\/\/uilg.be\/blog\/wp-json\/wp\/v2\/posts\/2070\/revisions\/2083"}],"wp:attachment":[{"href":"https:\/\/uilg.be\/blog\/wp-json\/wp\/v2\/media?parent=2070"}],"wp:term":[{"taxonomy":"category","embeddable":true,"href":"https:\/\/uilg.be\/blog\/wp-json\/wp\/v2\/categories?post=2070"},{"taxonomy":"post_tag","embeddable":true,"href":"https:\/\/uilg.be\/blog\/wp-json\/wp\/v2\/tags?post=2070"}],"curies":[{"name":"wp","href":"https:\/\/api.w.org\/{rel}","templated":true}]}}