{"id":2080,"date":"2020-03-13T12:09:00","date_gmt":"2020-03-13T11:09:00","guid":{"rendered":"http:\/\/uilg.be\/blog\/?p=2080"},"modified":"2021-03-13T12:13:57","modified_gmt":"2021-03-13T11:13:57","slug":"connecting-01-2020","status":"publish","type":"post","link":"https:\/\/uilg.be\/blog\/connecting-01-2020\/","title":{"rendered":"Connect&rsquo;Ing 01\/2020"},"content":{"rendered":"\n<figure class=\"wp-block-image size-large\"><a href=\"http:\/\/uilg.be\/blog\/wp-content\/uploads\/2021\/03\/2020-01-ConnectIng.pdf\"><img data-recalc-dims=\"1\" loading=\"lazy\" decoding=\"async\" width=\"584\" height=\"827\" src=\"https:\/\/i0.wp.com\/uilg.be\/blog\/wp-content\/uploads\/2021\/03\/image-2.png?resize=584%2C827\" alt=\"\" class=\"wp-image-2081\" srcset=\"https:\/\/i0.wp.com\/uilg.be\/blog\/wp-content\/uploads\/2021\/03\/image-2.png?resize=723%2C1024&amp;ssl=1 723w, https:\/\/i0.wp.com\/uilg.be\/blog\/wp-content\/uploads\/2021\/03\/image-2.png?resize=212%2C300&amp;ssl=1 212w, https:\/\/i0.wp.com\/uilg.be\/blog\/wp-content\/uploads\/2021\/03\/image-2.png?resize=768%2C1088&amp;ssl=1 768w, https:\/\/i0.wp.com\/uilg.be\/blog\/wp-content\/uploads\/2021\/03\/image-2.png?resize=1084%2C1536&amp;ssl=1 1084w, https:\/\/i0.wp.com\/uilg.be\/blog\/wp-content\/uploads\/2021\/03\/image-2.png?resize=1445%2C2048&amp;ssl=1 1445w, https:\/\/i0.wp.com\/uilg.be\/blog\/wp-content\/uploads\/2021\/03\/image-2.png?w=1565&amp;ssl=1 1565w, https:\/\/i0.wp.com\/uilg.be\/blog\/wp-content\/uploads\/2021\/03\/image-2.png?w=1168 1168w\" sizes=\"auto, (max-width: 584px) 100vw, 584px\" \/><\/a><\/figure>\n\n\n\n<h1 class=\"wp-block-heading\"><a>Mot du Pr\u00e9sident<\/a><\/h1>\n\n\n\n<p><em>Nous attirons votre attention dans ce num\u00e9ro de votre Connect\u2019Ing. 01-2020 sur la date du <strong>28 Mars 2020.<\/strong> En effet tous les ALUMNI sont invit\u00e9s \u00e0 venir nous rejoindre \u00e0 l\u2019<strong>Assembl\u00e9e g\u00e9n\u00e9rale \u00e0 10h00 <\/strong>qui se tiendra dans les <u>locaux de la Haute Ecole Quai Gloesener 6 \u00e0 4020 Li\u00e8ge<\/u>. Nous avons \u00e0 nouveau choisi la date de la \u00ab&nbsp;journ\u00e9e portes ouvertes&nbsp;\u00bb de la Haute Ecole de la Province de Li\u00e8ge qui nous accueille \u00e0 nouveau au sein de notre institut.<\/em><\/p>\n\n\n\n<p><em>L\u2019occasion est agr\u00e9able ainsi pour les anciens de retrouver les locaux et de renouer avec un ancien camarade de classe perdu de vue. Comme \u00e0 chaque fois un verre de l\u2019amiti\u00e9 est servi en fin d\u2019assembl\u00e9e g\u00e9n\u00e9rale juste avant d\u2019aller nous sustenter chez la M\u00e8re Berthe \u00e0 quelques minutes de l\u2019institut.<\/em><\/p>\n\n\n\n<p><em>De plus, les anciens pr\u00e9sents sur le site montreront \u00e0 loisir leur disponibilit\u00e9 pour l\u2019accueil des jeunes en voie d\u2019embrasser les \u00e9tudes de Master en Sciences de l\u2019ing\u00e9nieur industriel.<\/em><\/p>\n\n\n\n<p><em>En soir\u00e9e l\u2019ensemble du conseil d\u2019administration vous invite \u00e0 vous joindre \u00e0 lui dans un restaurant de la r\u00e9gion avec vos \u00e9pouses ou \u00e9poux dans une ambiance tr\u00e8s conviviale.<\/em><\/p>\n\n\n\n<p><em>Vous trouverez les informations sur le site ainsi que la fa\u00e7on de nous communiquer votre envie de partager ses moments festifs de retrouvailles.<\/em><\/p>\n\n\n\n<p><em>Votre soutien par tous vos commentaires, remarques et initiatives conforte les membres du Conseil d\u2019administration dans l\u2019accomplissement de leurs actions, t\u00e2ches ou r\u00e9alisations. Merci \u00e0 vous de vous manifester aupr\u00e8s de votre association.<\/em><\/p>\n\n\n\n<p><em>Comme \u00e0 chaque conclusion, J\u2019invite tous les ALUMNI \u00e0 r\u00e9agir et \u00e0 participer \u00e0 nos publications, \u00e0 celles de l\u2019UFIIB et aux informations sur les sites et r\u00e9seaux de ces associations qui veillent \u00e0 vos int\u00e9r\u00eats d\u2019Ing\u00e9nieur Industriel <\/em><a href=\"http:\/\/www.uilg.be\"><em>www.uilg.be<\/em><\/a><em>, <\/em><a href=\"http:\/\/www.ufiib.be\"><em>www.ufiib.be<\/em><\/a><em> et <\/em><a href=\"http:\/\/www.ingenieursbelges.be\"><em>http:\/\/www.ingenieursbelges.be<\/em><\/a><em>, faites en vos sites et r\u00e9seaux de r\u00e9f\u00e9rences.<\/em><\/p>\n\n\n\n<p>Ing. G\u00e9rard LUTHERS MSc EUR-ING Pr\u00e9sident UILg ASBL<\/p>\n","protected":false},"excerpt":{"rendered":"<p>Mot du Pr\u00e9sident Nous attirons votre attention dans ce num\u00e9ro de votre Connect\u2019Ing. 01-2020 sur la date du 28 Mars 2020. En effet tous les ALUMNI sont invit\u00e9s \u00e0 venir nous rejoindre \u00e0 l\u2019Assembl\u00e9e g\u00e9n\u00e9rale \u00e0 10h00 qui se tiendra &hellip; <a href=\"https:\/\/uilg.be\/blog\/connecting-01-2020\/\">Continuer la lecture <span class=\"meta-nav\">&rarr;<\/span><\/a><\/p>\n","protected":false},"author":1,"featured_media":0,"comment_status":"open","ping_status":"open","sticky":false,"template":"","format":"standard","meta":{"_monsterinsights_skip_tracking":false,"_monsterinsights_sitenote_active":false,"_monsterinsights_sitenote_note":"","_monsterinsights_sitenote_category":0,"jetpack_post_was_ever_published":false,"_jetpack_newsletter_access":"","_jetpack_dont_email_post_to_subs":false,"_jetpack_newsletter_tier_id":0,"_jetpack_memberships_contains_paywalled_content":false,"_jetpack_memberships_contains_paid_content":false,"footnotes":"","jetpack_publicize_message":"","jetpack_publicize_feature_enabled":true,"jetpack_social_post_already_shared":true,"jetpack_social_options":{"image_generator_settings":{"template":"highway","default_image_id":0,"font":"","enabled":false},"version":2}},"categories":[1],"tags":[],"class_list":["post-2080","post","type-post","status-publish","format-standard","hentry","category-uncategorized"],"jetpack_publicize_connections":[],"jetpack_featured_media_url":"","jetpack_shortlink":"https:\/\/wp.me\/p3rzaT-xy","jetpack_sharing_enabled":true,"_links":{"self":[{"href":"https:\/\/uilg.be\/blog\/wp-json\/wp\/v2\/posts\/2080","targetHints":{"allow":["GET"]}}],"collection":[{"href":"https:\/\/uilg.be\/blog\/wp-json\/wp\/v2\/posts"}],"about":[{"href":"https:\/\/uilg.be\/blog\/wp-json\/wp\/v2\/types\/post"}],"author":[{"embeddable":true,"href":"https:\/\/uilg.be\/blog\/wp-json\/wp\/v2\/users\/1"}],"replies":[{"embeddable":true,"href":"https:\/\/uilg.be\/blog\/wp-json\/wp\/v2\/comments?post=2080"}],"version-history":[{"count":2,"href":"https:\/\/uilg.be\/blog\/wp-json\/wp\/v2\/posts\/2080\/revisions"}],"predecessor-version":[{"id":2084,"href":"https:\/\/uilg.be\/blog\/wp-json\/wp\/v2\/posts\/2080\/revisions\/2084"}],"wp:attachment":[{"href":"https:\/\/uilg.be\/blog\/wp-json\/wp\/v2\/media?parent=2080"}],"wp:term":[{"taxonomy":"category","embeddable":true,"href":"https:\/\/uilg.be\/blog\/wp-json\/wp\/v2\/categories?post=2080"},{"taxonomy":"post_tag","embeddable":true,"href":"https:\/\/uilg.be\/blog\/wp-json\/wp\/v2\/tags?post=2080"}],"curies":[{"name":"wp","href":"https:\/\/api.w.org\/{rel}","templated":true}]}}