{"id":349,"date":"2013-07-08T13:50:54","date_gmt":"2013-07-08T11:50:54","guid":{"rendered":"http:\/\/uilg.be\/blog\/?p=349"},"modified":"2013-07-08T13:50:54","modified_gmt":"2013-07-08T11:50:54","slug":"resultats-de-lenquete-salariale-2012","status":"publish","type":"post","link":"https:\/\/uilg.be\/blog\/resultats-de-lenquete-salariale-2012\/","title":{"rendered":"R\u00e9sultats de l&rsquo;enqu\u00eate salariale 2012"},"content":{"rendered":"<p>Les r\u00e9sultats de l&rsquo;<em>Enqu\u00eate sur les revenus professionnels des ing\u00e9nieurs civils, industriels, \u00a0agronomes et bio-ing\u00e9nieurs, sur les avantages, les possibilit\u00e9s offertes\u00a0par les entreprises en mati\u00e8re de formation et \u00e0 propos de la satisfaction\u00a0des ing\u00e9nieurs dans leur fonction au cours de\u00a0l\u2019exercice 2011<\/em>\u00a0(FABI-UFIIB) viennent d&rsquo;\u00eatre publi\u00e9s par l&rsquo;UFIIB :\u00a0<a href=\"http:\/\/uilg.be\/blog\/wp-content\/uploads\/2013\/07\/Enquete-salariale-2012.pdf\">Retrouvez-les ici<\/a>.<\/p>\n<p>Pour rappel, cette ann\u00e9e, seuls les dipl\u00f4m\u00e9s des promotions 2011 \u00e0 2013 sont invit\u00e9s \u00e0 participer \u00e0 l&rsquo;<a title=\"Enqu\u00eate salariale \u00ab\u00a0jeunes\u00a0\u00bb\" href=\"http:\/\/uilg.be\/blog\/enquete-salariale-jeunes\/\">enqu\u00eate de cette ann\u00e9e<\/a>.<\/p>\n","protected":false},"excerpt":{"rendered":"<p>Les r\u00e9sultats de l&rsquo;Enqu\u00eate sur les revenus professionnels des ing\u00e9nieurs civils, industriels, \u00a0agronomes et bio-ing\u00e9nieurs, sur les avantages, les possibilit\u00e9s offertes\u00a0par les entreprises en mati\u00e8re de formation et \u00e0 propos de la satisfaction\u00a0des ing\u00e9nieurs dans leur fonction au cours de\u00a0l\u2019exercice &hellip; <a href=\"https:\/\/uilg.be\/blog\/resultats-de-lenquete-salariale-2012\/\">Continuer la lecture <span class=\"meta-nav\">&rarr;<\/span><\/a><\/p>\n","protected":false},"author":1,"featured_media":0,"comment_status":"open","ping_status":"open","sticky":false,"template":"","format":"standard","meta":{"_monsterinsights_skip_tracking":false,"_monsterinsights_sitenote_active":false,"_monsterinsights_sitenote_note":"","_monsterinsights_sitenote_category":0,"jetpack_post_was_ever_published":false,"_jetpack_newsletter_access":"","_jetpack_dont_email_post_to_subs":false,"_jetpack_newsletter_tier_id":0,"_jetpack_memberships_contains_paywalled_content":false,"_jetpack_memberships_contains_paid_content":false,"footnotes":"","jetpack_publicize_message":"","jetpack_publicize_feature_enabled":true,"jetpack_social_post_already_shared":true,"jetpack_social_options":{"image_generator_settings":{"template":"highway","default_image_id":0,"font":"","enabled":false},"version":2}},"categories":[17],"tags":[49,40,41,48],"class_list":["post-349","post","type-post","status-publish","format-standard","hentry","category-ufiib","tag-enquete-salariale","tag-ib","tag-ingenieurs-belges","tag-salaire"],"jetpack_publicize_connections":[],"jetpack_featured_media_url":"","jetpack_shortlink":"https:\/\/wp.me\/p3rzaT-5D","jetpack_sharing_enabled":true,"_links":{"self":[{"href":"https:\/\/uilg.be\/blog\/wp-json\/wp\/v2\/posts\/349","targetHints":{"allow":["GET"]}}],"collection":[{"href":"https:\/\/uilg.be\/blog\/wp-json\/wp\/v2\/posts"}],"about":[{"href":"https:\/\/uilg.be\/blog\/wp-json\/wp\/v2\/types\/post"}],"author":[{"embeddable":true,"href":"https:\/\/uilg.be\/blog\/wp-json\/wp\/v2\/users\/1"}],"replies":[{"embeddable":true,"href":"https:\/\/uilg.be\/blog\/wp-json\/wp\/v2\/comments?post=349"}],"version-history":[{"count":2,"href":"https:\/\/uilg.be\/blog\/wp-json\/wp\/v2\/posts\/349\/revisions"}],"predecessor-version":[{"id":352,"href":"https:\/\/uilg.be\/blog\/wp-json\/wp\/v2\/posts\/349\/revisions\/352"}],"wp:attachment":[{"href":"https:\/\/uilg.be\/blog\/wp-json\/wp\/v2\/media?parent=349"}],"wp:term":[{"taxonomy":"category","embeddable":true,"href":"https:\/\/uilg.be\/blog\/wp-json\/wp\/v2\/categories?post=349"},{"taxonomy":"post_tag","embeddable":true,"href":"https:\/\/uilg.be\/blog\/wp-json\/wp\/v2\/tags?post=349"}],"curies":[{"name":"wp","href":"https:\/\/api.w.org\/{rel}","templated":true}]}}