{"id":423,"date":"2013-12-04T16:51:37","date_gmt":"2013-12-04T15:51:37","guid":{"rendered":"http:\/\/uilg.be\/blog\/?p=423"},"modified":"2013-12-04T16:51:37","modified_gmt":"2013-12-04T15:51:37","slug":"pulls-a-leffigie-de-lisil","status":"publish","type":"post","link":"https:\/\/uilg.be\/blog\/pulls-a-leffigie-de-lisil\/","title":{"rendered":"Pulls \u00e0 l&rsquo;effigie de l&rsquo;ISIL"},"content":{"rendered":"<p>C&rsquo;est avec plaisir que nous relayons le message qui vient de nous parvenir de nos \u00e9tudiants :<\/p>\n<blockquote><p>Isiliennes, Isiliens,<\/p>\n<p>Apr\u00e8s deux ann\u00e9es\u00a0 de r\u00e9pits, l\u2019AEISIL relance sa vente de pulls \u00e0 l\u2019effigie de notre ch\u00e8re \u00e9cole\u00a0! Ces pulls restent une des meilleures fa\u00e7ons de montrer notre attachement \u00e0 l\u2019ISIL.<\/p>\n<p>Ils vous sont propos\u00e9s au prix de 45\u20ac. Vous pourrez venir essayer les tailles au local de l\u2019AEISIL (local 1 au rez-de-chauss\u00e9e) tous les temps de midi \u00e0 partir du vendredi 6 d\u00e9cembre.<\/p>\n<p>Veuillez trouver le mod\u00e8le du pull et de plus amples informations dans la pi\u00e8ce jointe.<\/p>\n<p>Sachez que l\u2019op\u00e9ration a pour seul but de voir l\u2019\u00e9cole se v\u00eatir d\u2019un m\u00eame hoodie\u00a0! Nous ne prenons donc aucun b\u00e9n\u00e9fice sur ces ventes.. Seule l\u2019identit\u00e9 de l\u2019ISIL nous importe\u00a0!<\/p>\n<p>Dans l\u2019attente de vous voir nombreux arborer ce nouveau pull,<\/p>\n<p>Bien \u00e0 vous,<\/p>\n<p>L\u2019AEISIL.<\/p><\/blockquote>\n<p><a href=\"https:\/\/i0.wp.com\/uilg.be\/blog\/wp-content\/uploads\/2013\/12\/pull.jpg\"><img data-recalc-dims=\"1\" loading=\"lazy\" decoding=\"async\" class=\"alignnone size-full wp-image-424\" alt=\"pull\" src=\"https:\/\/i0.wp.com\/uilg.be\/blog\/wp-content\/uploads\/2013\/12\/pull.jpg?resize=584%2C826\" width=\"584\" height=\"826\" srcset=\"https:\/\/i0.wp.com\/uilg.be\/blog\/wp-content\/uploads\/2013\/12\/pull.jpg?w=1240&amp;ssl=1 1240w, https:\/\/i0.wp.com\/uilg.be\/blog\/wp-content\/uploads\/2013\/12\/pull.jpg?resize=212%2C300&amp;ssl=1 212w, https:\/\/i0.wp.com\/uilg.be\/blog\/wp-content\/uploads\/2013\/12\/pull.jpg?resize=724%2C1024&amp;ssl=1 724w, https:\/\/i0.wp.com\/uilg.be\/blog\/wp-content\/uploads\/2013\/12\/pull.jpg?w=1168 1168w\" sizes=\"auto, (max-width: 584px) 100vw, 584px\" \/><\/a><\/p>\n","protected":false},"excerpt":{"rendered":"<p>C&rsquo;est avec plaisir que nous relayons le message qui vient de nous parvenir de nos \u00e9tudiants : Isiliennes, Isiliens, Apr\u00e8s deux ann\u00e9es\u00a0 de r\u00e9pits, l\u2019AEISIL relance sa vente de pulls \u00e0 l\u2019effigie de notre ch\u00e8re \u00e9cole\u00a0! Ces pulls restent une &hellip; <a href=\"https:\/\/uilg.be\/blog\/pulls-a-leffigie-de-lisil\/\">Continuer la lecture <span class=\"meta-nav\">&rarr;<\/span><\/a><\/p>\n","protected":false},"author":1,"featured_media":0,"comment_status":"open","ping_status":"open","sticky":false,"template":"","format":"standard","meta":{"_monsterinsights_skip_tracking":false,"_monsterinsights_sitenote_active":false,"_monsterinsights_sitenote_note":"","_monsterinsights_sitenote_category":0,"jetpack_post_was_ever_published":false,"_jetpack_newsletter_access":"","_jetpack_dont_email_post_to_subs":false,"_jetpack_newsletter_tier_id":0,"_jetpack_memberships_contains_paywalled_content":false,"_jetpack_memberships_contains_paid_content":false,"footnotes":"","jetpack_publicize_message":"","jetpack_publicize_feature_enabled":true,"jetpack_social_post_already_shared":true,"jetpack_social_options":{"image_generator_settings":{"template":"highway","default_image_id":0,"font":"","enabled":false},"version":2}},"categories":[36],"tags":[],"class_list":["post-423","post","type-post","status-publish","format-standard","hentry","category-hepl-2"],"jetpack_publicize_connections":[],"jetpack_featured_media_url":"","jetpack_shortlink":"https:\/\/wp.me\/p3rzaT-6P","jetpack_sharing_enabled":true,"_links":{"self":[{"href":"https:\/\/uilg.be\/blog\/wp-json\/wp\/v2\/posts\/423","targetHints":{"allow":["GET"]}}],"collection":[{"href":"https:\/\/uilg.be\/blog\/wp-json\/wp\/v2\/posts"}],"about":[{"href":"https:\/\/uilg.be\/blog\/wp-json\/wp\/v2\/types\/post"}],"author":[{"embeddable":true,"href":"https:\/\/uilg.be\/blog\/wp-json\/wp\/v2\/users\/1"}],"replies":[{"embeddable":true,"href":"https:\/\/uilg.be\/blog\/wp-json\/wp\/v2\/comments?post=423"}],"version-history":[{"count":1,"href":"https:\/\/uilg.be\/blog\/wp-json\/wp\/v2\/posts\/423\/revisions"}],"predecessor-version":[{"id":425,"href":"https:\/\/uilg.be\/blog\/wp-json\/wp\/v2\/posts\/423\/revisions\/425"}],"wp:attachment":[{"href":"https:\/\/uilg.be\/blog\/wp-json\/wp\/v2\/media?parent=423"}],"wp:term":[{"taxonomy":"category","embeddable":true,"href":"https:\/\/uilg.be\/blog\/wp-json\/wp\/v2\/categories?post=423"},{"taxonomy":"post_tag","embeddable":true,"href":"https:\/\/uilg.be\/blog\/wp-json\/wp\/v2\/tags?post=423"}],"curies":[{"name":"wp","href":"https:\/\/api.w.org\/{rel}","templated":true}]}}