{"id":437,"date":"2014-01-13T10:42:25","date_gmt":"2014-01-13T09:42:25","guid":{"rendered":"http:\/\/uilg.be\/blog\/?p=437"},"modified":"2014-01-13T10:42:25","modified_gmt":"2014-01-13T09:42:25","slug":"hepl-insertion-socioprofessionnelle-et-employabilite-une-formation-pour-les-jeunes-diplomes","status":"publish","type":"post","link":"https:\/\/uilg.be\/blog\/hepl-insertion-socioprofessionnelle-et-employabilite-une-formation-pour-les-jeunes-diplomes\/","title":{"rendered":"HEPL : Insertion socioprofessionnelle et employabilit\u00e9: une formation pour les jeunes dipl\u00f4m\u00e9s"},"content":{"rendered":"<p><strong>La HEPL participe \u00e0 l&rsquo;organisation d&rsquo;une formation pour jeunes dipl\u00f4m\u00e9s recrut\u00e9s depuis 2 ans au moins. L\u2019objectif: renforcer les comp\u00e9tences transversales qui soutie<\/strong><strong>nnent leurs comp\u00e9tences \u00ab\u00a0m\u00e9tiers\u00a0\u00bb.<\/strong><\/p>\n<p>Organis\u00e9 en collaboration avec les P\u00f4les de comp\u00e9titivit\u00e9 MecaTech et Logistics in Wallonia et en partenariat avec les Hautes Ecoles li\u00e9geoises et l&rsquo;ULg, ce certificat s&rsquo;adresse aux dipl\u00f4m\u00e9s des Hautes Ecoles (type court ou long) et universitaires qui sont actifs depuis deux ans au moins en milieu professionnel.<\/p>\n<h3>Un plus pour une insertion professionnelle optimale<\/h3>\n<p>Co-construite par HELMo, la HECH, la HEPL, les P\u00f4les et le Service de formation continue de l&rsquo;ULg, la formation va permettre aux participants d&rsquo;optimiser leur insertion professionnelle en compl\u00e9tant leur bagage de formation.<\/p>\n<p>Ils pourront ainsi d\u00e9velopper des comp\u00e9tences plus transversales telles que la flexibilit\u00e9, le leadership et le travail en \u00e9quipe, le d\u00e9veloppement personnel en entreprise, la gestion des relations interpersonnelles et la diversit\u00e9 culturelle ou encore la r\u00e9solution de probl\u00e8mes.<\/p>\n<h3>Un programme adapt\u00e9 aux besoins des participants et des entreprises<\/h3>\n<p>La formation comporte huit cr\u00e9dits et s&rsquo;articule autour d&rsquo;un tronc commun, d&rsquo;une mise en pratique en situation r\u00e9elle de travail et d&rsquo;un retour de l&rsquo;information dans le cadre de modules sp\u00e9cifiques.<\/p>\n<p>Selon le parcours, la formation et le contexte professionnel des participants, les besoins pourront \u00eatre diff\u00e9rents. C&rsquo;est pourquoi, en fin de formation, chacun disposera de sa propre bo\u00eete \u00e0 outils &#8211; son portefeuille de comp\u00e9tences &#8211; int\u00e9grant le v\u00e9cu de la formation, les r\u00e9ponses \u00e0 ses questionnements, les analyses de cas rapport\u00e9es par les animateurs et les participants et enfin une bibliographie r\u00e9cente des sujets abord\u00e9s.<\/p>\n<h3>Des expertises combin\u00e9es au service des \u00e9tudiants<\/h3>\n<p>Les formateurs sont soit issus de l&rsquo;ULg, soit enseignants en Haute Ecole, soit chefs d&rsquo;entreprise ou formateurs au sein des P\u00f4les. Les modules sp\u00e9cifiques sont dispens\u00e9s par des \u00e9quipes pluridisciplinaires des trois Hautes Ecoles, de l&rsquo;ULg et des professionnels des deux p\u00f4les Mecatech et Logistics In Wallonia.<\/p>\n<h4>En pratique<\/h4>\n<p>La formation d\u00e9butera le 11 f\u00e9vrier 2014 et durera un semestre.<\/p>\n<p>Les cours seront dispens\u00e9s \u00e0 l&rsquo;ULg en horaire d\u00e9cal\u00e9, par les Hautes Ecoles, l&rsquo;ULg et le milieu du travail d&rsquo;origine.<\/p>\n<p>Les p\u00e9riodes de formation alterneront avec des p\u00e9riodes d&rsquo;application sur le lieu de travail.<\/p>\n<h4>Inscription<\/h4>\n<ul>\n<li>Cellule formation continue de l&rsquo;ULg : formation.continue@ulg.ac.be &#8211; 04 366 91 07<\/li>\n<li>Droits d&rsquo;inscription : 500 \u20ac<\/li>\n<\/ul>\n<h4>Pour en savoir plus<\/h4>\n<ul>\n<li>S\u00e9ance d&rsquo;information : mardi 28\/01\/2014 de 18h \u00e0 19h30, salle acad\u00e9mique de l&rsquo;ULg, place du 20-Ao\u00fbt 7, 4000 Li\u00e8ge<\/li>\n<li>D\u00e9couvrez la\u00a0<a href=\"https:\/\/my.ulg.ac.be\/MyULg\/PP_xt\/IFC\/fr\/catalogueifc.do?as_action=consult&amp;id=463\" target=\"_blank\">page consacr\u00e9e \u00e0 la formation<\/a><\/li>\n<\/ul>\n<p>Source :\u00a0<a href=\"http:\/\/www.provincedeliege.be\/fr\/evenement\/27?nid=6806&amp;from=actu\">http:\/\/www.provincedeliege.be\/fr\/evenement\/27?nid=6806&amp;from=actu<\/a><\/p>\n","protected":false},"excerpt":{"rendered":"<p>La HEPL participe \u00e0 l&rsquo;organisation d&rsquo;une formation pour jeunes dipl\u00f4m\u00e9s recrut\u00e9s depuis 2 ans au moins. L\u2019objectif: renforcer les comp\u00e9tences transversales qui soutiennent leurs comp\u00e9tences \u00ab\u00a0m\u00e9tiers\u00a0\u00bb. Organis\u00e9 en collaboration avec les P\u00f4les de comp\u00e9titivit\u00e9 MecaTech et Logistics in Wallonia et &hellip; <a href=\"https:\/\/uilg.be\/blog\/hepl-insertion-socioprofessionnelle-et-employabilite-une-formation-pour-les-jeunes-diplomes\/\">Continuer la lecture <span class=\"meta-nav\">&rarr;<\/span><\/a><\/p>\n","protected":false},"author":1,"featured_media":0,"comment_status":"open","ping_status":"open","sticky":false,"template":"","format":"standard","meta":{"_monsterinsights_skip_tracking":false,"_monsterinsights_sitenote_active":false,"_monsterinsights_sitenote_note":"","_monsterinsights_sitenote_category":0,"jetpack_post_was_ever_published":false,"_jetpack_newsletter_access":"","_jetpack_dont_email_post_to_subs":false,"_jetpack_newsletter_tier_id":0,"_jetpack_memberships_contains_paywalled_content":false,"_jetpack_memberships_contains_paid_content":false,"footnotes":"","jetpack_publicize_message":"","jetpack_publicize_feature_enabled":true,"jetpack_social_post_already_shared":true,"jetpack_social_options":{"image_generator_settings":{"template":"highway","default_image_id":0,"font":"","enabled":false},"version":2}},"categories":[1],"tags":[],"class_list":["post-437","post","type-post","status-publish","format-standard","hentry","category-uncategorized"],"jetpack_publicize_connections":[],"jetpack_featured_media_url":"","jetpack_shortlink":"https:\/\/wp.me\/p3rzaT-73","jetpack_sharing_enabled":true,"_links":{"self":[{"href":"https:\/\/uilg.be\/blog\/wp-json\/wp\/v2\/posts\/437","targetHints":{"allow":["GET"]}}],"collection":[{"href":"https:\/\/uilg.be\/blog\/wp-json\/wp\/v2\/posts"}],"about":[{"href":"https:\/\/uilg.be\/blog\/wp-json\/wp\/v2\/types\/post"}],"author":[{"embeddable":true,"href":"https:\/\/uilg.be\/blog\/wp-json\/wp\/v2\/users\/1"}],"replies":[{"embeddable":true,"href":"https:\/\/uilg.be\/blog\/wp-json\/wp\/v2\/comments?post=437"}],"version-history":[{"count":1,"href":"https:\/\/uilg.be\/blog\/wp-json\/wp\/v2\/posts\/437\/revisions"}],"predecessor-version":[{"id":438,"href":"https:\/\/uilg.be\/blog\/wp-json\/wp\/v2\/posts\/437\/revisions\/438"}],"wp:attachment":[{"href":"https:\/\/uilg.be\/blog\/wp-json\/wp\/v2\/media?parent=437"}],"wp:term":[{"taxonomy":"category","embeddable":true,"href":"https:\/\/uilg.be\/blog\/wp-json\/wp\/v2\/categories?post=437"},{"taxonomy":"post_tag","embeddable":true,"href":"https:\/\/uilg.be\/blog\/wp-json\/wp\/v2\/tags?post=437"}],"curies":[{"name":"wp","href":"https:\/\/api.w.org\/{rel}","templated":true}]}}