{"id":455,"date":"2014-03-14T15:53:06","date_gmt":"2014-03-14T14:53:06","guid":{"rendered":"http:\/\/uilg.be\/blog\/?p=455"},"modified":"2014-03-14T15:53:06","modified_gmt":"2014-03-14T14:53:06","slug":"la-hepl-est-sur-facebook","status":"publish","type":"post","link":"https:\/\/uilg.be\/blog\/la-hepl-est-sur-facebook\/","title":{"rendered":"La HEPL est sur Facebook!"},"content":{"rendered":"<h2><a title=\"La Haute Ecole de la Province de Li\u00e8ge est heureuse de vous annoncer que sa page Facebook est en ligne! \" href=\"https:\/\/i0.wp.com\/www.provincedeliege.be\/sites\/default\/files\/styles\/plg_medias_800\/public\/media\/7277\/FB-f-Logo__blue_1024.png\"><img data-recalc-dims=\"1\" decoding=\"async\" title=\"La Haute Ecole de la Province de Li\u00e8ge est heureuse de vous annoncer que sa page Facebook est en ligne! \" alt=\"La Haute Ecole de la Province de Li\u00e8ge est heureuse de vous annoncer que sa page Facebook est en ligne! \" src=\"https:\/\/i0.wp.com\/www.provincedeliege.be\/sites\/default\/files\/styles\/plg_medias_250\/public\/media\/7277\/FB-f-Logo__blue_1024.png?w=584\" \/><\/a><\/h2>\n<p><strong>La Haute Ecole de la Province de Li\u00e8ge est heureuse de vous annoncer que sa page Facebook est en ligne!<\/strong><\/p>\n<p>Que vous soyez (futur, actuel ou ancien) \u00e9tudiant, parent, enseignant, partenaire ou simplement int\u00e9ress\u00e9 par la HEPL, nous nous r\u00e9jouissons de partager avec vous l&rsquo;actualit\u00e9 de la Haute Ecole!<em><\/em><\/p>\n<p><em>N&rsquo;h\u00e9sitez pas \u00e0 d\u00e9couvrir notre\u00a0<strong><a href=\"https:\/\/www.facebook.com\/pages\/HEPL-Haute-Ecole-de-la-Province-de-Li%C3%A8ge\/201906933300807\" target=\"_blank\">page<\/a><\/strong>, \u00e0 y participer et \u00e0 l&rsquo;aimer!<\/em><\/p>\n","protected":false},"excerpt":{"rendered":"<p>La Haute Ecole de la Province de Li\u00e8ge est heureuse de vous annoncer que sa page Facebook est en ligne! Que vous soyez (futur, actuel ou ancien) \u00e9tudiant, parent, enseignant, partenaire ou simplement int\u00e9ress\u00e9 par la HEPL, nous nous r\u00e9jouissons &hellip; <a href=\"https:\/\/uilg.be\/blog\/la-hepl-est-sur-facebook\/\">Continuer la lecture <span class=\"meta-nav\">&rarr;<\/span><\/a><\/p>\n","protected":false},"author":1,"featured_media":0,"comment_status":"open","ping_status":"open","sticky":false,"template":"","format":"standard","meta":{"_monsterinsights_skip_tracking":false,"_monsterinsights_sitenote_active":false,"_monsterinsights_sitenote_note":"","_monsterinsights_sitenote_category":0,"jetpack_post_was_ever_published":false,"_jetpack_newsletter_access":"","_jetpack_dont_email_post_to_subs":false,"_jetpack_newsletter_tier_id":0,"_jetpack_memberships_contains_paywalled_content":false,"_jetpack_memberships_contains_paid_content":false,"footnotes":"","jetpack_publicize_message":"","jetpack_publicize_feature_enabled":true,"jetpack_social_post_already_shared":true,"jetpack_social_options":{"image_generator_settings":{"template":"highway","default_image_id":0,"font":"","enabled":false},"version":2}},"categories":[36],"tags":[],"class_list":["post-455","post","type-post","status-publish","format-standard","hentry","category-hepl-2"],"jetpack_publicize_connections":[],"jetpack_featured_media_url":"","jetpack_shortlink":"https:\/\/wp.me\/p3rzaT-7l","jetpack_sharing_enabled":true,"_links":{"self":[{"href":"https:\/\/uilg.be\/blog\/wp-json\/wp\/v2\/posts\/455","targetHints":{"allow":["GET"]}}],"collection":[{"href":"https:\/\/uilg.be\/blog\/wp-json\/wp\/v2\/posts"}],"about":[{"href":"https:\/\/uilg.be\/blog\/wp-json\/wp\/v2\/types\/post"}],"author":[{"embeddable":true,"href":"https:\/\/uilg.be\/blog\/wp-json\/wp\/v2\/users\/1"}],"replies":[{"embeddable":true,"href":"https:\/\/uilg.be\/blog\/wp-json\/wp\/v2\/comments?post=455"}],"version-history":[{"count":1,"href":"https:\/\/uilg.be\/blog\/wp-json\/wp\/v2\/posts\/455\/revisions"}],"predecessor-version":[{"id":456,"href":"https:\/\/uilg.be\/blog\/wp-json\/wp\/v2\/posts\/455\/revisions\/456"}],"wp:attachment":[{"href":"https:\/\/uilg.be\/blog\/wp-json\/wp\/v2\/media?parent=455"}],"wp:term":[{"taxonomy":"category","embeddable":true,"href":"https:\/\/uilg.be\/blog\/wp-json\/wp\/v2\/categories?post=455"},{"taxonomy":"post_tag","embeddable":true,"href":"https:\/\/uilg.be\/blog\/wp-json\/wp\/v2\/tags?post=455"}],"curies":[{"name":"wp","href":"https:\/\/api.w.org\/{rel}","templated":true}]}}