{"id":490,"date":"2014-04-04T08:50:33","date_gmt":"2014-04-04T06:50:33","guid":{"rendered":"http:\/\/uilg.be\/blog\/?p=490"},"modified":"2014-04-10T17:29:52","modified_gmt":"2014-04-10T15:29:52","slug":"luilg-etait-presente-a-lassemblee-generale-de-lufiib","status":"publish","type":"post","link":"https:\/\/uilg.be\/blog\/luilg-etait-presente-a-lassemblee-generale-de-lufiib\/","title":{"rendered":"L&rsquo;UILg \u00e9tait pr\u00e9sente \u00e0 l&rsquo;Assembl\u00e9e G\u00e9n\u00e9rale de l&rsquo;UFIIB"},"content":{"rendered":"<p>L&rsquo;Assembl\u00e9e G\u00e9n\u00e9rale traditionnelle de l&rsquo;UFIIB s&rsquo;est tenue \u00e0 la Ferme du Quartier de Bouge ce samedi 29 mars 2014.<\/p>\n<h1>Bilan des activit\u00e9s de l&rsquo;UFIIB en 2013<\/h1>\n<h2>Commission Enseignement<\/h2>\n<p>L&rsquo;UFIIB reste attentive \u00e0 l&rsquo;\u00e9volution projet de d\u00e9cret Marcourt sur l&rsquo;enseignement sup\u00e9rieur. \u00a0L&rsquo;UFIIB fait actuellement pression pour que la mention \u00ab\u00a0<strong>niveau<\/strong> universitaire\u00a0\u00bb disparaisse de ce d\u00e9cret \u00e0 l&rsquo;instar de ce qu&rsquo;\u00e0 fait la Flandre.<\/p>\n<p>L&rsquo;UFIIB appuie \u00e9galement la proposition de reconnaissance de l&rsquo;anciennet\u00e9 des enseignants ing\u00e9nieurs industriels en Haute \u00c9cole. \u00a0Actuellement, l&rsquo;ensemble des partenaires sociaux est pour except\u00e9 la CSC.<\/p>\n<h2>Commission Services Publics<\/h2>\n<p>Ce comit\u00e9 est actif pour que les discriminations entre Ing\u00e9nieurs industriels et Ing\u00e9nieurs civils cesse dans la fonction publique.<\/p>\n<p>On ne peut que d\u00e9plorer que seuls les Ing\u00e9nieurs industriels travaillant pour le Service Public de Wallonie soit pr\u00e9sents et actifs dans cette commission. \u00a0Appel est donc fait aux travailleurs des autres administrations publiques ou parastatales (BPost, arm\u00e9e, intercommunales, Communaut\u00e9 Wallonie-Bruxelles, SPF ou autres) pour qu&rsquo;ils s&rsquo;impliquent \u00e9galement.<\/p>\n<h2>Commission Ing\u00e9nieurs Belges<\/h2>\n<p>Cela fait maintenant 3 ans qu&rsquo;un rapprochement progressif avec la FABI a lieu au travers de la <a href=\"http:\/\/www.ingenieursbelges.be\/\">plate-forme Ing\u00e9nieurs Belges<\/a>.<\/p>\n<p>Comme chaque ann\u00e9e, un <a title=\"Event IB 2013\" href=\"http:\/\/uilg.be\/blog\/event-ib-2013\/\"><em>event<\/em><\/a> a \u00e9t\u00e9 r\u00e9alis\u00e9. \u00a0Celui de cette ann\u00e9e avait pour th\u00e8me la f\u00e9minisation du m\u00e9tier d&rsquo;ing\u00e9nieur.<\/p>\n<h2>CIBIC<\/h2>\n<p>L&rsquo;Europe fait pression pour que la mobilit\u00e9 des Ing\u00e9nieurs soient plus facile dans l&rsquo;Union. \u00a0La m\u00e9thode pr\u00e9conis\u00e9e est l&rsquo;accr\u00e9ditation des instituts de formation (Universit\u00e9 et Haute \u00c9cole). \u00a0Nos Hautes \u00c9coles ont d\u00e9j\u00e0 commenc\u00e9 le processus et l&rsquo;un des probl\u00e8mes mis en \u00e9vidence a \u00e9t\u00e9 le manque de liens forts avec les associations d&rsquo;<em>alumni<\/em>.<\/p>\n<p>Vu le passage des \u00e9tudes en 5 ans, le CIBIC pousse pour que les Ing\u00e9nieurs industriels int\u00e9grent la <a href=\"http:\/\/www.claiu.org\/\">CLAIU<\/a>.<\/p>\n<h1>Repr\u00e9sentation de l&rsquo;UILg<\/h1>\n<p>Lors de cette Assembl\u00e9e G\u00e9n\u00e9rale, l&rsquo;UILg s&rsquo;est fait remarquer gr\u00e2ce \u00e0 la participation active de :<\/p>\n<ul>\n<li>Ing. Andr\u00e9 Pans MSc, membre UILg et pr\u00e9sident de la commission services publics de l&rsquo;UFIIB<\/li>\n<li>Ing. Quentin Dr\u00e8ze MSc, Secr\u00e9taire-G\u00e9n\u00e9ral UILg et administrateur UFIIB<\/li>\n<li>Ing. G\u00e9rard Luthers MSc, Pr\u00e9sident UILg et administrateur-Suppl\u00e9ant UFIIB<\/li>\n<li>Ing. Jean Tengattini MSc, Vice-Pr\u00e9sident UILg et d\u00e9l\u00e9gu\u00e9 \u00e0 l&rsquo;AG UFIIB<\/li>\n<li>Ing. Marc Cieslak MSc, Vice-Pr\u00e9sident UILg<\/li>\n<\/ul>\n<h1>Quelques photos :<\/h1>\n<p><a href=\"https:\/\/i0.wp.com\/uilg.be\/blog\/wp-content\/uploads\/2014\/04\/P3290225.jpg\"><img data-recalc-dims=\"1\" loading=\"lazy\" decoding=\"async\" class=\"alignnone size-large wp-image-489\" alt=\"OLYMPUS DIGITAL CAMERA\" src=\"https:\/\/i0.wp.com\/uilg.be\/blog\/wp-content\/uploads\/2014\/04\/P3290225.jpg?resize=584%2C438\" width=\"584\" height=\"438\" srcset=\"https:\/\/i0.wp.com\/uilg.be\/blog\/wp-content\/uploads\/2014\/04\/P3290225.jpg?resize=1024%2C768&amp;ssl=1 1024w, https:\/\/i0.wp.com\/uilg.be\/blog\/wp-content\/uploads\/2014\/04\/P3290225.jpg?resize=300%2C225&amp;ssl=1 300w, https:\/\/i0.wp.com\/uilg.be\/blog\/wp-content\/uploads\/2014\/04\/P3290225.jpg?resize=400%2C300&amp;ssl=1 400w, https:\/\/i0.wp.com\/uilg.be\/blog\/wp-content\/uploads\/2014\/04\/P3290225.jpg?w=1168 1168w, https:\/\/i0.wp.com\/uilg.be\/blog\/wp-content\/uploads\/2014\/04\/P3290225.jpg?w=1752 1752w\" sizes=\"auto, (max-width: 584px) 100vw, 584px\" \/><\/a><a href=\"https:\/\/i0.wp.com\/uilg.be\/blog\/wp-content\/uploads\/2014\/04\/P3290224.jpg\"><img data-recalc-dims=\"1\" loading=\"lazy\" decoding=\"async\" class=\"alignnone size-large wp-image-488\" alt=\"OLYMPUS DIGITAL CAMERA\" src=\"https:\/\/i0.wp.com\/uilg.be\/blog\/wp-content\/uploads\/2014\/04\/P3290224.jpg?resize=584%2C438\" width=\"584\" height=\"438\" srcset=\"https:\/\/i0.wp.com\/uilg.be\/blog\/wp-content\/uploads\/2014\/04\/P3290224.jpg?resize=1024%2C768&amp;ssl=1 1024w, https:\/\/i0.wp.com\/uilg.be\/blog\/wp-content\/uploads\/2014\/04\/P3290224.jpg?resize=300%2C225&amp;ssl=1 300w, https:\/\/i0.wp.com\/uilg.be\/blog\/wp-content\/uploads\/2014\/04\/P3290224.jpg?resize=400%2C300&amp;ssl=1 400w, https:\/\/i0.wp.com\/uilg.be\/blog\/wp-content\/uploads\/2014\/04\/P3290224.jpg?w=1168 1168w, https:\/\/i0.wp.com\/uilg.be\/blog\/wp-content\/uploads\/2014\/04\/P3290224.jpg?w=1752 1752w\" sizes=\"auto, (max-width: 584px) 100vw, 584px\" \/><\/a><\/p>\n<p><a href=\"https:\/\/i0.wp.com\/uilg.be\/blog\/wp-content\/uploads\/2014\/04\/P3290229.jpg\"><img data-recalc-dims=\"1\" loading=\"lazy\" decoding=\"async\" class=\"alignnone size-large wp-image-485\" alt=\"OLYMPUS DIGITAL CAMERA\" src=\"https:\/\/i0.wp.com\/uilg.be\/blog\/wp-content\/uploads\/2014\/04\/P3290229.jpg?resize=584%2C438\" width=\"584\" height=\"438\" srcset=\"https:\/\/i0.wp.com\/uilg.be\/blog\/wp-content\/uploads\/2014\/04\/P3290229.jpg?resize=1024%2C768&amp;ssl=1 1024w, https:\/\/i0.wp.com\/uilg.be\/blog\/wp-content\/uploads\/2014\/04\/P3290229.jpg?resize=300%2C225&amp;ssl=1 300w, https:\/\/i0.wp.com\/uilg.be\/blog\/wp-content\/uploads\/2014\/04\/P3290229.jpg?resize=400%2C300&amp;ssl=1 400w, https:\/\/i0.wp.com\/uilg.be\/blog\/wp-content\/uploads\/2014\/04\/P3290229.jpg?w=1168 1168w, https:\/\/i0.wp.com\/uilg.be\/blog\/wp-content\/uploads\/2014\/04\/P3290229.jpg?w=1752 1752w\" sizes=\"auto, (max-width: 584px) 100vw, 584px\" \/><\/a><\/p>\n<p><a href=\"https:\/\/i0.wp.com\/uilg.be\/blog\/wp-content\/uploads\/2014\/04\/P3290227.jpg\"><img data-recalc-dims=\"1\" loading=\"lazy\" decoding=\"async\" class=\"alignnone size-large wp-image-484\" alt=\"OLYMPUS DIGITAL CAMERA\" src=\"https:\/\/i0.wp.com\/uilg.be\/blog\/wp-content\/uploads\/2014\/04\/P3290227.jpg?resize=584%2C438\" width=\"584\" height=\"438\" srcset=\"https:\/\/i0.wp.com\/uilg.be\/blog\/wp-content\/uploads\/2014\/04\/P3290227.jpg?resize=1024%2C768&amp;ssl=1 1024w, https:\/\/i0.wp.com\/uilg.be\/blog\/wp-content\/uploads\/2014\/04\/P3290227.jpg?resize=300%2C225&amp;ssl=1 300w, https:\/\/i0.wp.com\/uilg.be\/blog\/wp-content\/uploads\/2014\/04\/P3290227.jpg?resize=400%2C300&amp;ssl=1 400w, https:\/\/i0.wp.com\/uilg.be\/blog\/wp-content\/uploads\/2014\/04\/P3290227.jpg?w=1168 1168w, https:\/\/i0.wp.com\/uilg.be\/blog\/wp-content\/uploads\/2014\/04\/P3290227.jpg?w=1752 1752w\" sizes=\"auto, (max-width: 584px) 100vw, 584px\" \/><\/a><\/p>\n<p><a href=\"https:\/\/i0.wp.com\/uilg.be\/blog\/wp-content\/uploads\/2014\/04\/P3290232.jpg\"><img data-recalc-dims=\"1\" loading=\"lazy\" decoding=\"async\" class=\"alignnone size-large wp-image-486\" alt=\"OLYMPUS DIGITAL CAMERA\" src=\"https:\/\/i0.wp.com\/uilg.be\/blog\/wp-content\/uploads\/2014\/04\/P3290232.jpg?resize=584%2C438\" width=\"584\" height=\"438\" srcset=\"https:\/\/i0.wp.com\/uilg.be\/blog\/wp-content\/uploads\/2014\/04\/P3290232.jpg?resize=1024%2C768&amp;ssl=1 1024w, https:\/\/i0.wp.com\/uilg.be\/blog\/wp-content\/uploads\/2014\/04\/P3290232.jpg?resize=300%2C225&amp;ssl=1 300w, https:\/\/i0.wp.com\/uilg.be\/blog\/wp-content\/uploads\/2014\/04\/P3290232.jpg?resize=400%2C300&amp;ssl=1 400w, https:\/\/i0.wp.com\/uilg.be\/blog\/wp-content\/uploads\/2014\/04\/P3290232.jpg?w=1168 1168w, https:\/\/i0.wp.com\/uilg.be\/blog\/wp-content\/uploads\/2014\/04\/P3290232.jpg?w=1752 1752w\" sizes=\"auto, (max-width: 584px) 100vw, 584px\" \/><\/a><\/p>\n<p><a href=\"https:\/\/i0.wp.com\/uilg.be\/blog\/wp-content\/uploads\/2014\/04\/P3290234.jpg\"><img data-recalc-dims=\"1\" loading=\"lazy\" decoding=\"async\" class=\"alignnone size-large wp-image-487\" alt=\"OLYMPUS DIGITAL CAMERA\" src=\"https:\/\/i0.wp.com\/uilg.be\/blog\/wp-content\/uploads\/2014\/04\/P3290234.jpg?resize=584%2C778\" width=\"584\" height=\"778\" srcset=\"https:\/\/i0.wp.com\/uilg.be\/blog\/wp-content\/uploads\/2014\/04\/P3290234.jpg?resize=768%2C1024&amp;ssl=1 768w, https:\/\/i0.wp.com\/uilg.be\/blog\/wp-content\/uploads\/2014\/04\/P3290234.jpg?resize=225%2C300&amp;ssl=1 225w, https:\/\/i0.wp.com\/uilg.be\/blog\/wp-content\/uploads\/2014\/04\/P3290234.jpg?w=1168 1168w, https:\/\/i0.wp.com\/uilg.be\/blog\/wp-content\/uploads\/2014\/04\/P3290234.jpg?w=1752 1752w\" sizes=\"auto, (max-width: 584px) 100vw, 584px\" \/><\/a><\/p>\n","protected":false},"excerpt":{"rendered":"<p>L&rsquo;Assembl\u00e9e G\u00e9n\u00e9rale traditionnelle de l&rsquo;UFIIB s&rsquo;est tenue \u00e0 la Ferme du Quartier de Bouge ce samedi 29 mars 2014. Bilan des activit\u00e9s de l&rsquo;UFIIB en 2013 Commission Enseignement L&rsquo;UFIIB reste attentive \u00e0 l&rsquo;\u00e9volution projet de d\u00e9cret Marcourt sur l&rsquo;enseignement sup\u00e9rieur. &hellip; <a href=\"https:\/\/uilg.be\/blog\/luilg-etait-presente-a-lassemblee-generale-de-lufiib\/\">Continuer la lecture <span class=\"meta-nav\">&rarr;<\/span><\/a><\/p>\n","protected":false},"author":1,"featured_media":0,"comment_status":"open","ping_status":"open","sticky":false,"template":"","format":"standard","meta":{"_monsterinsights_skip_tracking":false,"_monsterinsights_sitenote_active":false,"_monsterinsights_sitenote_note":"","_monsterinsights_sitenote_category":0,"jetpack_post_was_ever_published":false,"_jetpack_newsletter_access":"","_jetpack_dont_email_post_to_subs":false,"_jetpack_newsletter_tier_id":0,"_jetpack_memberships_contains_paywalled_content":false,"_jetpack_memberships_contains_paid_content":false,"footnotes":"","jetpack_publicize_message":"","jetpack_publicize_feature_enabled":true,"jetpack_social_post_already_shared":true,"jetpack_social_options":{"image_generator_settings":{"template":"highway","default_image_id":0,"font":"","enabled":false},"version":2}},"categories":[17],"tags":[],"class_list":["post-490","post","type-post","status-publish","format-standard","hentry","category-ufiib"],"jetpack_publicize_connections":[],"jetpack_featured_media_url":"","jetpack_shortlink":"https:\/\/wp.me\/p3rzaT-7U","jetpack_sharing_enabled":true,"_links":{"self":[{"href":"https:\/\/uilg.be\/blog\/wp-json\/wp\/v2\/posts\/490","targetHints":{"allow":["GET"]}}],"collection":[{"href":"https:\/\/uilg.be\/blog\/wp-json\/wp\/v2\/posts"}],"about":[{"href":"https:\/\/uilg.be\/blog\/wp-json\/wp\/v2\/types\/post"}],"author":[{"embeddable":true,"href":"https:\/\/uilg.be\/blog\/wp-json\/wp\/v2\/users\/1"}],"replies":[{"embeddable":true,"href":"https:\/\/uilg.be\/blog\/wp-json\/wp\/v2\/comments?post=490"}],"version-history":[{"count":3,"href":"https:\/\/uilg.be\/blog\/wp-json\/wp\/v2\/posts\/490\/revisions"}],"predecessor-version":[{"id":495,"href":"https:\/\/uilg.be\/blog\/wp-json\/wp\/v2\/posts\/490\/revisions\/495"}],"wp:attachment":[{"href":"https:\/\/uilg.be\/blog\/wp-json\/wp\/v2\/media?parent=490"}],"wp:term":[{"taxonomy":"category","embeddable":true,"href":"https:\/\/uilg.be\/blog\/wp-json\/wp\/v2\/categories?post=490"},{"taxonomy":"post_tag","embeddable":true,"href":"https:\/\/uilg.be\/blog\/wp-json\/wp\/v2\/tags?post=490"}],"curies":[{"name":"wp","href":"https:\/\/api.w.org\/{rel}","templated":true}]}}