{"id":500,"date":"2014-04-29T10:24:04","date_gmt":"2014-04-29T08:24:04","guid":{"rendered":"http:\/\/uilg.be\/blog\/?p=500"},"modified":"2014-04-29T10:24:04","modified_gmt":"2014-04-29T08:24:04","slug":"haute-ecole-personnels-enseignant-et-administratif-a-la-hepl-appels-aux-candidatures","status":"publish","type":"post","link":"https:\/\/uilg.be\/blog\/haute-ecole-personnels-enseignant-et-administratif-a-la-hepl-appels-aux-candidatures\/","title":{"rendered":"Haute \u00c9cole : Personnels enseignant et administratif \u00e0 la HEPL: appels aux candidatures"},"content":{"rendered":"<p><strong>Les appels aux candidatures pour des emplois des personnels enseignant et administratif \u00e0 pourvoir \u00e0 la HEPL ont \u00e9t\u00e9 publi\u00e9s au Moniteur. D\u00e9couvrez les appels et les mod\u00e8les pour les candidatures.<\/strong><\/p>\n<p>Source :\u00a0<a href=\"http:\/\/www.provincedeliege.be\/fr\/evenement\/27?nid=7521&amp;from=actu\">http:\/\/www.provincedeliege.be\/fr\/evenement\/27?nid=7521&amp;from=actu<\/a><\/p>\n<p>Vous trouverez ci-dessous les appels suivants publi\u00e9s le 23 avril 2014 au Moniteur belge\u00a0:<\/p>\n<ul>\n<li><a style=\"color: #007095;\" href=\"http:\/\/www.provincedeliege.be\/sites\/default\/files\/media\/7521\/Appel%20aux%20candidatures%20pour%20des%20emplois%20du%20personnel%20enseignant%20%C3%A0%20pourvoir%20%C3%A0%20la%20Haute%20Ecole%20de%20la%20Province%20de%20Li%C3%A8ge%20pour%20l%E2%80%99ann%C3%A9e%20acad%C3%A9mique%202014-2015.pdf\" target=\"_blank\">Appel aux candidatures pour des emplois du personnel enseignant<\/a>\u00a0\u00e0 pourvoir \u00e0 la Haute Ecole de la Province de Li\u00e8ge pour l&rsquo;ann\u00e9e acad\u00e9mique 2014-2015 (annexe\u00a0:\u00a0<a style=\"color: #007095;\" href=\"http:\/\/www.provincedeliege.be\/sites\/default\/files\/media\/7521\/appel%202014_annexe%201%20mod%C3%A8le%20enseignant.pdf\" target=\"_blank\">mod\u00e8le<\/a>\u00a0pour la candidature)\u00a0;<\/li>\n<li><a style=\"color: #007095;\" href=\"http:\/\/www.provincedeliege.be\/sites\/default\/files\/media\/7521\/Appel%20aux%20candidatures%20pour%20les%20emplois%20du%20personnel%20administratif%20%C3%A0%20pourvoir%20%C3%A0%20la%20Haute%20Ecole%20de%20la%20Province%20de%20Li%C3%A8ge%20pour%20l%E2%80%99ann%C3%A9e%20acad%C3%A9mique%202014-2015.pdf\" target=\"_blank\">Appel aux candidatures pour les emplois du personnel administratif<\/a>\u00a0\u00e0 pourvoir \u00e0 la Haute Ecole de la Province de Li\u00e8ge pour l&rsquo;ann\u00e9e acad\u00e9mique 2014-2015 (annexe\u00a0:\u00a0<a style=\"color: #007095;\" href=\"http:\/\/www.provincedeliege.be\/sites\/default\/files\/media\/7521\/appel%202014_annexe%201%20mod%C3%A8le%20administratif.pdf\" target=\"_blank\">mod\u00e8le<\/a>\u00a0pour la candidature).<\/li>\n<\/ul>\n<p>Les personnes int\u00e9ress\u00e9es doivent adresser leur candidature \u00e0 la Direction g\u00e9n\u00e9rale de l&rsquo;Enseignement de la Province de Li\u00e8ge, rue du Commerce 14, 4100 Seraing, au plus tard le 31 mai 2014 (la date de la poste faisant foi).<\/p>\n<p>Les candidatures doivent \u00eatre introduites par lettre recommand\u00e9e \u00e0 la poste et dans la forme fix\u00e9e par les pr\u00e9sents appels.<\/p>\n","protected":false},"excerpt":{"rendered":"<p>Les appels aux candidatures pour des emplois des personnels enseignant et administratif \u00e0 pourvoir \u00e0 la HEPL ont \u00e9t\u00e9 publi\u00e9s au Moniteur. D\u00e9couvrez les appels et les mod\u00e8les pour les candidatures. Source :\u00a0http:\/\/www.provincedeliege.be\/fr\/evenement\/27?nid=7521&amp;from=actu Vous trouverez ci-dessous les appels suivants publi\u00e9s &hellip; <a href=\"https:\/\/uilg.be\/blog\/haute-ecole-personnels-enseignant-et-administratif-a-la-hepl-appels-aux-candidatures\/\">Continuer la lecture <span class=\"meta-nav\">&rarr;<\/span><\/a><\/p>\n","protected":false},"author":1,"featured_media":0,"comment_status":"open","ping_status":"open","sticky":false,"template":"","format":"standard","meta":{"_monsterinsights_skip_tracking":false,"_monsterinsights_sitenote_active":false,"_monsterinsights_sitenote_note":"","_monsterinsights_sitenote_category":0,"jetpack_post_was_ever_published":false,"_jetpack_newsletter_access":"","_jetpack_dont_email_post_to_subs":false,"_jetpack_newsletter_tier_id":0,"_jetpack_memberships_contains_paywalled_content":false,"_jetpack_memberships_contains_paid_content":false,"footnotes":"","jetpack_publicize_message":"","jetpack_publicize_feature_enabled":true,"jetpack_social_post_already_shared":true,"jetpack_social_options":{"image_generator_settings":{"template":"highway","default_image_id":0,"font":"","enabled":false},"version":2}},"categories":[36],"tags":[],"class_list":["post-500","post","type-post","status-publish","format-standard","hentry","category-hepl-2"],"jetpack_publicize_connections":[],"jetpack_featured_media_url":"","jetpack_shortlink":"https:\/\/wp.me\/p3rzaT-84","jetpack_sharing_enabled":true,"_links":{"self":[{"href":"https:\/\/uilg.be\/blog\/wp-json\/wp\/v2\/posts\/500","targetHints":{"allow":["GET"]}}],"collection":[{"href":"https:\/\/uilg.be\/blog\/wp-json\/wp\/v2\/posts"}],"about":[{"href":"https:\/\/uilg.be\/blog\/wp-json\/wp\/v2\/types\/post"}],"author":[{"embeddable":true,"href":"https:\/\/uilg.be\/blog\/wp-json\/wp\/v2\/users\/1"}],"replies":[{"embeddable":true,"href":"https:\/\/uilg.be\/blog\/wp-json\/wp\/v2\/comments?post=500"}],"version-history":[{"count":1,"href":"https:\/\/uilg.be\/blog\/wp-json\/wp\/v2\/posts\/500\/revisions"}],"predecessor-version":[{"id":501,"href":"https:\/\/uilg.be\/blog\/wp-json\/wp\/v2\/posts\/500\/revisions\/501"}],"wp:attachment":[{"href":"https:\/\/uilg.be\/blog\/wp-json\/wp\/v2\/media?parent=500"}],"wp:term":[{"taxonomy":"category","embeddable":true,"href":"https:\/\/uilg.be\/blog\/wp-json\/wp\/v2\/categories?post=500"},{"taxonomy":"post_tag","embeddable":true,"href":"https:\/\/uilg.be\/blog\/wp-json\/wp\/v2\/tags?post=500"}],"curies":[{"name":"wp","href":"https:\/\/api.w.org\/{rel}","templated":true}]}}