{"id":588,"date":"2015-02-23T17:09:32","date_gmt":"2015-02-23T16:09:32","guid":{"rendered":"http:\/\/uilg.be\/blog\/?p=588"},"modified":"2015-02-23T17:09:32","modified_gmt":"2015-02-23T16:09:32","slug":"la-recherche-a-la-haute-ecole-de-la-province-de-liege-presentation-du-cefors-cecotepe-centre-de-recherche-associe-a-la-hepl","status":"publish","type":"post","link":"https:\/\/uilg.be\/blog\/la-recherche-a-la-haute-ecole-de-la-province-de-liege-presentation-du-cefors-cecotepe-centre-de-recherche-associe-a-la-hepl\/","title":{"rendered":"La recherche \u00e0 la Haute Ecole de la Province de Li\u00e8ge &#8211; Pr\u00e9sentation du CEFORS \u2013 CECOTEPE, centre de recherche associ\u00e9 \u00e0 la HEPL"},"content":{"rendered":"<h2><a name=\"_Toc412473142\"><\/a><\/h2>\n<h1>Historique<\/h1>\n<p>C\u2019est en 1992 que la R\u00e9gion wallonne a ouvert le programme FIRST (Formation et Impulsion \u00e0 la Recherche Scientifique et Technique) aux \u00e9coles d\u2019ing\u00e9nieurs industriels.<\/p>\n<p>Alors qu\u2019auparavant, la recherche ne concernait que certains enseignants qui agissaient \u00e0 titre personnel, par exemple en collaboration avec le service de l\u2019Universit\u00e9 o\u00f9 ils avaient \u00e9t\u00e9 doctorants, il s\u2019agissait pour l\u2019ISIL d\u2019une belle opportunit\u00e9 lui permettant de mener des projets de recherche appliqu\u00e9e de longue dur\u00e9e avec du personnel de recherche d\u00e9dicac\u00e9 et sur base d\u2019une source de financement solide. Cette mission est d\u2019ailleurs clairement \u00e9tablie dans les d\u00e9crets qui sont \u00e0 la base de la cr\u00e9ation des hautes \u00e9coles.<\/p>\n<p>En ce qui nous concerne, elle est essentiellement orient\u00e9e vers la recherche appliqu\u00e9e de haut niveau. \u00a0Il s\u2019agit du processus qui conduit \u00e0 des r\u00e9sultats publiables dans une revue scientifique ou potentiellement brevetables.<\/p>\n<p>Depuis 1992, outre les projets FIRST, d\u2019autres types de projets ont \u00e9t\u00e9 men\u00e9s, que ce soit via les diff\u00e9rents p\u00f4les (M\u00e9catech,\u2026), les programmes mobilisateurs, les clusters et autres fili\u00e8res, le FRFC (Fonds de la Recherche Fondamentale Collective du FNRS)\u00a0 ou encore sur base de subsides provenant d\u2019instances internationales.<\/p>\n<p>C\u2019est ainsi que des dizaines de projets sont n\u00e9s. Plusieurs sont toujours en cours et d\u2019autres vont certainement voir le jour dans les mois qui viennent.<\/p>\n<h1>Les projets<\/h1>\n<p>Les domaines abord\u00e9s sont tr\u00e8s divers, mettant en \u00e9vidence tour \u00e0 tour les diff\u00e9rentes sp\u00e9cialit\u00e9s du D\u00e9partement : biotechnologie, \u00e9lectrom\u00e9canique, construction, g\u00e9om\u00e8tre, informatique, \u00e9lectronique et chimie.<\/p>\n<p>Tous nos projets de recherche subsidi\u00e9e sont r\u00e9alis\u00e9s en collaboration avec des entreprises.\u00a0 Au cours de l&rsquo;ann\u00e9e acad\u00e9mique 2013\/2014 qui nous servira ici de r\u00e9f\u00e9rence, le centre de recherche a travaill\u00e9 avec une vingtaine d\u2019entreprises et autres centres de recherche, parmi lesquels : GlaxoSmithKline Biologicals, NOMICS, Automation and Robotics, Techspace A\u00e9ro, IDS, Cide SOCRAN, Graff\u00e9-Lecocq, AntiOXinfo, GUARDIS, Multitel, SONACA, CENTEXBEL, Lhoist R&amp;D, Magotteaux, CRM Group, ELIOSYS, 3 E, LAMPIRIS, Greencom Dev, Acte, JCJ Energetics, Ta\u00efpro et Wow, Sirris.<\/p>\n<p>Nous avons aussi collabor\u00e9 avec les Universit\u00e9s belges et \u00e9trang\u00e8res. On notera en particulier nos liens avec l&rsquo;Universit\u00e9 de Li\u00e8ge, l&rsquo;Universit\u00e9 de Mons, l&rsquo;Universit\u00e9 libre de Bruxelles ou encore l\u2019Universit\u00e9 technique de Rh\u00e9nanie-Westphalie \u00e0 Aix-la-Chapelle (RWTH).<\/p>\n<h2>\u2022\u00a0\u00a0\u00a0\u00a0\u00a0\u00a0\u00a0 Nouveau projet de recherche financ\u00e9 en 2013 :<\/h2>\n<p>&#8211; FIRST Haute Ecole \u2013 CARAT<\/p>\n<p>Partenaire Industriel : GlaxoSmithKline Biologicals.<\/p>\n<p>Le projet CARAT a pour objectif la mise en place et l\u2019optimisation d\u2019une plateforme de caract\u00e9risation m\u00e9tabolique des bioproc\u00e9d\u00e9s utilis\u00e9s pour la production de vaccins \u00e0 usage humain en vue de limiter le nombre de tests de mise au point dans l\u2019industrie pharmaceutique en \u00e9laborant un mod\u00e8le math\u00e9matique du m\u00e9tabolisme des microorganismes au niveau du g\u00e9nome.<\/p>\n<h2>\u2022\u00a0\u00a0\u00a0\u00a0\u00a0\u00a0\u00a0 Projets de recherche en cours ayant d\u00e9but\u00e9 les ann\u00e9es pr\u00e9c\u00e9dentes\u00a0:<\/h2>\n<p>&#8211; FIRST Haute Ecole \u2013 CIPESTIM<\/p>\n<p>Partenaire Industriel : Nomics.<\/p>\n<p>\u00abMise au point d\u2019une ceinture intelligente exploitant au mieux le principe de l&rsquo;\u00e9lectrostimulation et permettant d&rsquo;effectuer des traitements th\u00e9rapeutiques musculaires optimis\u00e9s\u00bb.<\/p>\n<p>&#8211; FIRST Haute Ecole \u2013 DAURECO<\/p>\n<p>Partenaire Industriel : Automation &amp; Robotics.<\/p>\n<p>\u00ab \u00c9laboration des processus de d\u00e9cision automatis\u00e9s qui d\u00e9termineront les r\u00e9glages d&rsquo;installation de machines de contr\u00f4les destin\u00e9es \u00e0 l&rsquo;industrie ophtalmique \u00bb.<\/p>\n<p>&#8211; FIRST Haute Ecole \u2013 VIBTHERM<\/p>\n<p>Partenaire Industriel : TechSpace Aero.<\/p>\n<p>\u00ab Mise au point d\u2019une technique d&rsquo;inspection non destructive par vibrothermographie pour le contr\u00f4le qualit\u00e9 sur des pi\u00e8ces en mat\u00e9riaux composites \u00bb.<\/p>\n<p>&#8211; Projet FIRST HE \u2013 WALVIN<\/p>\n<p>Collaboration avec la Maison Graff\u00e9 Lecocq et AntiOXinfo.<\/p>\n<p>\u00abValorisation des propri\u00e9t\u00e9s antioxydantes du vin par l\u2019\u00e9tude de leur \u00e9volution lors de son \u00e9levage et par la recherche de relations entre ses qualit\u00e9s gustatives et la pr\u00e9sence d\u2019antioxydants sp\u00e9cifiques\u00bb.<\/p>\n<p>&#8211; Projet FIRST HE \u2013 REFLEXIT<\/p>\n<p>Collaboration avec Guardis.<\/p>\n<p>\u00abRecherche en gestion de cycle de vie d\u2019infrastructures TIC\u00bb.<\/p>\n<p>&#8211; Projet FIRST HE \u2013 DEMETER<\/p>\n<p>Collaboration avec Multitel et l\u2019ULg.<\/p>\n<p>\u00abDEveloppement de M\u00c9thodes de caracTERisation d\u2019antennes large bande en chambre r\u00e9verb\u00e9rante\u00bb.<\/p>\n<p>-Projet FIRST HE \u2013 FIPINAU<\/p>\n<p>Collaboration avec la SONACA.<\/p>\n<p>\u00abFiabilit\u00e9 et perspectives d\u2019une inspection automatis\u00e9e de pi\u00e8ces a\u00e9ronautiques\u00bb.<\/p>\n<p>&#8211; WIST \u2013 COGOLIN<\/p>\n<p>Collaboration avec Lhoist R&amp;D, Magotteaux, IRM Group et l\u2019ULg.<\/p>\n<p>\u00ab\u00a0Contr\u00f4le par un syst\u00e8me de vision tridimensionnelle et analyse d\u2019images, de la taille et de la morphologie de fragments de roches se pr\u00e9sentant en vrac sur une bande transporteuse dans un environnement industriel s\u00e9v\u00e8re\u00a0\u00bb.<\/p>\n<p>Le projet COGOLIN s\u2019appuie sur un fort partenariat industriel r\u00e9gional dans le but d\u2019affiner au mieux les besoins de l\u2019industrie min\u00e9rale.<\/p>\n<p>&#8211; WIST \u2013 IGLESIAS<\/p>\n<p>Collaboration avec l\u2019ULg, l\u2019Umons et Deios.<\/p>\n<p>\u00abD\u00e9veloppement d\u2019un syst\u00e8me ergonomique de lunettes de monitoring de la fatigue et de la vigilance\u00bb.<\/p>\n<p>&#8211; Programme mobilisateur RELIABLE \u2013 FLEXIPAC<\/p>\n<p>Collaboration avec l\u2019ULg, l\u2019ULB, ELIOSYS, 3 E et LAMPIRIS.<\/p>\n<p>\u00ab Am\u00e9lioration de la flexibilit\u00e9 de la demande du c\u00f4t\u00e9 des utilisateurs de r\u00e9seau basse\u00a0 et moyenne tensions en vue d\u2019une gestion intelligente des r\u00e9seaux de transmission et de distribution soumis \u00e0 une injection croissante de productions intermittentes. La flexibilisation des syst\u00e8mes de conversion d\u2019\u00e9lectricit\u00e9 en chaleur via des pompes \u00e0 chaleur en fonction des besoins d\u2019\u00e9quilibrage du r\u00e9seau constitue l\u2019objet principal du projet \u00bb.<\/p>\n<p>&#8211; Projet FIRST SPIN OFF \u2013 AMHYSPIN<\/p>\n<p>Le projet s\u2019est termin\u00e9 en septembre 2013. Il a \u00e9t\u00e9 prolong\u00e9 sur fonds propres pour les mois d\u2019octobre \u00e0 d\u00e9cembre 2013. La Spin-Off a \u00e9t\u00e9 cr\u00e9\u00e9e en avril 2014. Il s\u2019agit de la premi\u00e8re spin-off cr\u00e9\u00e9e en R\u00e9gion wallonne par une Haute Ecole.<\/p>\n<p>\u00abAccroissement de la rentabilit\u00e9 des hybridomes gr\u00e2ce \u00e0 un proc\u00e9d\u00e9 innovant en vue de constituer une Spin-off\u00bb.<\/p>\n<p>-Projet Germaine TILLION \u2013 PLUME<\/p>\n<p>Il est \u00e0 noter qu\u2019\u00e0 partir de juin 2014 a d\u00e9marr\u00e9 le projet PLUME en partenariat avec l\u2019ULg, LUCIMED et les Cliniques Valdor-P\u00e8r\u00ee.<\/p>\n<p>\u00ab\u00a0Combinaison de deux dispositifs de th\u00e9rapie lumi\u00e8re avec une prise en charge sp\u00e9cifique d\u2019ergoth\u00e9rapie accessibles \u00e0 tous et pour tous dans le domaine de la psychog\u00e9riatrie\u00a0\u00bb.<\/p>\n<p>C\u2019est un projet qui s\u2019inscrit dans le cadre du programme mobilisateur Germaine TILLION.<\/p>\n<h2>\u2022\u00a0\u00a0\u00a0\u00a0\u00a0\u00a0\u00a0 Plan Marshall<\/h2>\n<p>Rappelons que la Haute \u00c9cole participe au volet recherche du Plan Marshall au travers du projet GREEN+.<\/p>\n<p>Collaboration avec Greencom Dev, Acte, JCJ Energetics, Ta\u00efpro, Wow, Sirris, Ulg.<\/p>\n<p>L&rsquo;objectif du projet Green+ est de d\u00e9velopper des groupes de r\u00e9cup\u00e9ration d\u2019\u00e9nergie compacts et int\u00e9gr\u00e9s afin de rendre possible la r\u00e9cup\u00e9ration d\u2019\u00e9nergie sur l\u2019air vici\u00e9 dans les b\u00e2timents existants et neufs via plusieurs petites unit\u00e9s double-flux d\u00e9centralis\u00e9es.<\/p>\n<h2>\u2022\u00a0\u00a0\u00a0\u00a0\u00a0\u00a0\u00a0 Ch\u00e8ques technologiques<\/h2>\n<p>Le centre de recherche a aussi fait profiter les PME de ses capacit\u00e9s par l&rsquo;interm\u00e9diaire des ch\u00e8ques technologiques.\u00a0 Les ch\u00e8ques technologiques sont un m\u00e9canisme mis en place par la R\u00e9gion wallonne pour permettre aux PME de profiter des comp\u00e9tences des Hautes Ecoles.\u00a0 Les PME disposent chaque ann\u00e9e de ch\u00e8ques technologiques correspondant \u00e0 un montant de 20.000 \u20ac et peuvent, avec ceux-ci, demander aux Hautes Ecoles et \u00e0 leurs centres de recherche d\u2019effectuer des travaux non r\u00e9currents de type bien d\u00e9fini en ne payant que le quart de ce que les Hautes Ecoles leur facturent.<\/p>\n<h2>\u2022\u00a0\u00a0\u00a0\u00a0\u00a0\u00a0\u00a0 Consultance<\/h2>\n<p>La Haute Ecole et en particulier sa cat\u00e9gorie technique, participe activement et r\u00e9guli\u00e8rement, seule ou en partenariat, \u00e0 des missions de consultance \u00e0 caract\u00e8re technique ou d\u2019ing\u00e9nierie d\u2019\u00e9laboration de projets au profit des entreprises de la R\u00e9gion.<\/p>\n<p>On insistera sur le fait que le centre de recherche de la Haute Ecole s\u2019efforce chaque fois que c\u2019est opportun, et de plus en plus, de mener des projets de type transversal faisant appel aux comp\u00e9tences des diff\u00e9rentes cat\u00e9gories de la Haute Ecole.<\/p>\n<h1>Les acteurs<\/h1>\n<p>Tout d\u2019abord, il faut insister sur le fait que la majorit\u00e9 des projets men\u00e9s le sont \u00e0 l\u2019instigation ou sur base des comp\u00e9tences des enseignants de la Haute Ecole.<\/p>\n<p>Les projets subsidi\u00e9s permettent l\u2019engagement de chercheurs qui constituent un staff certes limit\u00e9 mais tr\u00e8s actif.<\/p>\n<p>En outre, au niveau de la Haute Ecole, une petite \u00e9quipe compos\u00e9e d\u2019un coordinateur et de plusieurs porteurs de projets assure la gestion technique, tandis qu\u2019une cellule administrative au niveau du CECOTEPE lui-m\u00eame en assume la gestion financi\u00e8re.<\/p>\n<p>On insistera \u00e9galement sur les liens permanents \u00e9tablis avec l\u2019interface ADISIF, organisme reconnu par la R\u00e9gion Wallonne et qui a pour mission de jouer les interm\u00e9diaires et de valoriser les projets pour les diff\u00e9rents Centres de Recherche des Hautes Ecole de la F\u00e9d\u00e9ration Wallonie Bruxelles.<\/p>\n<h1>Perspectives<\/h1>\n<p>Les projets d\u00e9j\u00e0 men\u00e9s sont tr\u00e8s b\u00e9n\u00e9fiques pour la Haute Ecole et son Centre de Recherche, puisqu\u2019ils permettent de collaborer avec des entreprises de la r\u00e9gion dans des domaines de haute technologie, d\u2019engager du personnel au titre de chercheurs ainsi que d\u2019acqu\u00e9rir des \u00e9quipements de pointe.<\/p>\n<p>Certains de ces projets ont d\u00e9bouch\u00e9 sur des r\u00e9sultats remarquables. A titre d\u2019exemple, on peut citer un projet qui a men\u00e9 \u00e0 la cr\u00e9ation d\u2019une spin-off, ou un autre\u00a0 qui a men\u00e9 au d\u00e9p\u00f4t d\u2019un brevet et \u00e0 un accord\u00a0 de collaboration avec une petite entreprise fran\u00e7aise qui souhaite commercialiser un produit sur base de ce brevet.<\/p>\n<p>Le Centre de Recherche et la Haute Ecole ont la volont\u00e9 de poursuivre la bonne gestion des projets existants et de susciter la mise sur pied de projets nouveaux.<\/p>\n<p>Dans cette optique, ils restent attentifs aux diff\u00e9rentes sources de financement existantes tant au niveau r\u00e9gional qu\u2019au niveau europ\u00e9en ou international. Ils sont aussi \u00e0 l\u2019\u00e9coute du monde industriel pour pouvoir r\u00e9pondre \u00e0 ses sollicitations et travailler en parfaite synergie.<\/p>\n<h1>Personne de contact<\/h1>\n<p>Ir. Christian NINANE<\/p>\n<p>christian.ninane@hepl.be<\/p>\n","protected":false},"excerpt":{"rendered":"<p>Historique C\u2019est en 1992 que la R\u00e9gion wallonne a ouvert le programme FIRST (Formation et Impulsion \u00e0 la Recherche Scientifique et Technique) aux \u00e9coles d\u2019ing\u00e9nieurs industriels. Alors qu\u2019auparavant, la recherche ne concernait que certains enseignants qui agissaient \u00e0 titre personnel, &hellip; <a href=\"https:\/\/uilg.be\/blog\/la-recherche-a-la-haute-ecole-de-la-province-de-liege-presentation-du-cefors-cecotepe-centre-de-recherche-associe-a-la-hepl\/\">Continuer la lecture <span class=\"meta-nav\">&rarr;<\/span><\/a><\/p>\n","protected":false},"author":1,"featured_media":0,"comment_status":"open","ping_status":"open","sticky":false,"template":"","format":"standard","meta":{"_monsterinsights_skip_tracking":false,"_monsterinsights_sitenote_active":false,"_monsterinsights_sitenote_note":"","_monsterinsights_sitenote_category":0,"jetpack_post_was_ever_published":false,"_jetpack_newsletter_access":"","_jetpack_dont_email_post_to_subs":false,"_jetpack_newsletter_tier_id":0,"_jetpack_memberships_contains_paywalled_content":false,"_jetpack_memberships_contains_paid_content":false,"footnotes":"","jetpack_publicize_message":"","jetpack_publicize_feature_enabled":true,"jetpack_social_post_already_shared":true,"jetpack_social_options":{"image_generator_settings":{"template":"highway","default_image_id":0,"font":"","enabled":false},"version":2}},"categories":[36],"tags":[64,63,62,60,12,61],"class_list":["post-588","post","type-post","status-publish","format-standard","hentry","category-hepl-2","tag-cecotepe","tag-cefors","tag-cheques-technologiques","tag-first","tag-hepl","tag-plan-marchal"],"jetpack_publicize_connections":[],"jetpack_featured_media_url":"","jetpack_shortlink":"https:\/\/wp.me\/p3rzaT-9u","jetpack_sharing_enabled":true,"_links":{"self":[{"href":"https:\/\/uilg.be\/blog\/wp-json\/wp\/v2\/posts\/588","targetHints":{"allow":["GET"]}}],"collection":[{"href":"https:\/\/uilg.be\/blog\/wp-json\/wp\/v2\/posts"}],"about":[{"href":"https:\/\/uilg.be\/blog\/wp-json\/wp\/v2\/types\/post"}],"author":[{"embeddable":true,"href":"https:\/\/uilg.be\/blog\/wp-json\/wp\/v2\/users\/1"}],"replies":[{"embeddable":true,"href":"https:\/\/uilg.be\/blog\/wp-json\/wp\/v2\/comments?post=588"}],"version-history":[{"count":2,"href":"https:\/\/uilg.be\/blog\/wp-json\/wp\/v2\/posts\/588\/revisions"}],"predecessor-version":[{"id":590,"href":"https:\/\/uilg.be\/blog\/wp-json\/wp\/v2\/posts\/588\/revisions\/590"}],"wp:attachment":[{"href":"https:\/\/uilg.be\/blog\/wp-json\/wp\/v2\/media?parent=588"}],"wp:term":[{"taxonomy":"category","embeddable":true,"href":"https:\/\/uilg.be\/blog\/wp-json\/wp\/v2\/categories?post=588"},{"taxonomy":"post_tag","embeddable":true,"href":"https:\/\/uilg.be\/blog\/wp-json\/wp\/v2\/tags?post=588"}],"curies":[{"name":"wp","href":"https:\/\/api.w.org\/{rel}","templated":true}]}}