{"id":673,"date":"2015-05-27T11:35:33","date_gmt":"2015-05-27T09:35:33","guid":{"rendered":"http:\/\/uilg.be\/blog\/?p=673"},"modified":"2015-05-27T11:35:33","modified_gmt":"2015-05-27T09:35:33","slug":"hepl-bricker-ameliorer-lefficacite-energetique-des-batiments-publics","status":"publish","type":"post","link":"https:\/\/uilg.be\/blog\/hepl-bricker-ameliorer-lefficacite-energetique-des-batiments-publics\/","title":{"rendered":"HEPL : BRICKER: am\u00e9liorer l\u2019efficacit\u00e9 \u00e9nerg\u00e9tique des b\u00e2timents publics"},"content":{"rendered":"<div class=\"nomSection\">Source :\u00a0<a href=\"http:\/\/www.provincedeliege.be\/fr\/evenement\/27?nid=9115&amp;from=actu\">http:\/\/www.provincedeliege.be\/fr\/evenement\/27?nid=9115&amp;from=actu<\/a><\/div>\n<h2><\/h2>\n<div class=\"image-right\"><a class=\"class_visionneuse556590cbf097d cboxElement\" title=\"BRICKER: un projet europ\u00e9en pour am\u00e9liorer l\u2019efficacit\u00e9 \u00e9nerg\u00e9tique des b\u00e2timents publics\" href=\"https:\/\/i0.wp.com\/www.provincedeliege.be\/sites\/default\/files\/styles\/plg_medias_800\/public\/media\/9115\/Logo-Bricker-web.jpg\"><img data-recalc-dims=\"1\" decoding=\"async\" title=\"BRICKER: un projet europ\u00e9en pour am\u00e9liorer l\u2019efficacit\u00e9 \u00e9nerg\u00e9tique des b\u00e2timents publics\" src=\"https:\/\/i0.wp.com\/www.provincedeliege.be\/sites\/default\/files\/styles\/plg_medias_250\/public\/media\/9115\/Logo-Bricker-web.jpg?w=584\" alt=\"BRICKER: un projet europ\u00e9en pour am\u00e9liorer l\u2019efficacit\u00e9 \u00e9nerg\u00e9tique des b\u00e2timents publics\" \/><\/a><\/div>\n<p><strong>La Province de Li\u00e8ge participe au projet europ\u00e9en BRICKER, qui va transformer le b\u00e2timent de la HEPL situ\u00e9 quai Gloesener en vitrine technologique en mati\u00e8re de chauffage, ventilation et isolation.<\/strong><\/p>\n<p>En d\u00e9cembre 2012, la Province de Li\u00e8ge a d\u00e9cid\u00e9 de participer \u00e0 l&rsquo;appel \u00e0 projets du 7e programme-cadre de recherche et de d\u00e9veloppement technologique de l&rsquo;Union europ\u00e9enne visant l&rsquo;am\u00e9lioration de l&rsquo;efficacit\u00e9 \u00e9nerg\u00e9tique des b\u00e2timents publics au moyen de techniques innovantes.<\/p>\n<h2>Un projet europ\u00e9en nomm\u00e9 BRICKER<\/h2>\n<p>Le projet de la Province de Li\u00e8ge a \u00e9t\u00e9 pr\u00e9sent\u00e9 \u00e0 la Commission europ\u00e9enne par le bureau d&rsquo;\u00e9tudes espagnol Acciona, coordinateur du consortium qui regroupe 18 partenaires originaires d&rsquo;Espagne, d&rsquo;Italie, de Pologne, de Turquie, d&rsquo;Allemagne et de Belgique.<\/p>\n<p>Les participants \u00e0 ce projet europ\u00e9en intitul\u00e9 BRICKER sont des petites et moyennes entreprises, des bureaux d&rsquo;\u00e9tudes, des universit\u00e9s, des agences de communication et des administrations publiques.<\/p>\n<p>Dans ce cadre, les petites et moyennes entreprises sont soutenues pour la recherche et le d\u00e9veloppement de techniques innovantes dans le domaine de l&rsquo;efficacit\u00e9 \u00e9nerg\u00e9tique. Les bureaux d&rsquo;\u00e9tudes et les universit\u00e9s calculent et v\u00e9rifient la faisabilit\u00e9 des syst\u00e8mes. Les agences de communication ont en charge la diffusion des informations et la diss\u00e9mination \u00e0 un large public. Les administrations publiques proposent un b\u00e2timent de d\u00e9monstration dans lequel les techniques innovantes seront install\u00e9es et contr\u00f4l\u00e9es.<\/p>\n<h2>Une vitrine technologique en mati\u00e8re de chauffage, ventilation et isolation<\/h2>\n<p>La Province de Li\u00e8ge s&rsquo;est donc engag\u00e9e dans le consortium en proposant le b\u00e2timent de la HEPL situ\u00e9 quai Gloesener \u00e0 Li\u00e8ge comme un des trois sites pilotes de d\u00e9monstration requis par le projet.<\/p>\n<p>L&rsquo;objectif est d&rsquo;am\u00e9liorer le coefficient thermique global de l&rsquo;enveloppe du b\u00e2timent, d&rsquo;augmenter le confort int\u00e9rieur et de diminuer les besoins nets en chauffage du b\u00e2timent.<\/p>\n<p>Trois techniques innovantes seront ainsi mises en \u0153uvre et viseront \u00e0 r\u00e9duire de 50% la consommation d&rsquo;\u00e9nergie et \u00e0 diminuer de mani\u00e8re drastique les \u00e9missions de gaz \u00e0 effet de serre. Il s&rsquo;agit concr\u00e8tement de\u00a0:<\/p>\n<ul>\n<li>L&rsquo;installation d&rsquo;une turbine produisant de l&rsquo;\u00e9lectricit\u00e9 dont l&rsquo;\u00e9nergie pour le refroidissement sera utilis\u00e9e pour chauffer le b\u00e2timent. La turbine sera aliment\u00e9e par un combustible biomasse (pellets)\u00a0;<\/li>\n<li>La mise en \u0153uvre d&rsquo;une ventilation m\u00e9canique d\u00e9centralis\u00e9e, plac\u00e9e au-dessus des nouveaux ch\u00e2ssis de fen\u00eatres, pour assurer le renouvellement d&rsquo;air dans les classes\u00a0;<\/li>\n<li>Le placement d&rsquo;une isolation thermique \u00e0 inertie variable \u00e0 base de nano-PCM.<\/li>\n<\/ul>\n<p>D&rsquo;autres travaux viendront compl\u00e9ter ce projet : citons notamment le placement d&rsquo;un mur rideau sur la fa\u00e7ade du b\u00e2timent, qui sera \u00e9quip\u00e9 de double vitrage \u00e0 haute performance \u00e9nerg\u00e9tique et int\u00e9grant un syst\u00e8me de protection solaire.<\/p>\n<h2>Une opportunit\u00e9 unique pour les futurs ing\u00e9nieurs industriels<\/h2>\n<p>Pr\u00e9cisons enfin que BRICKER constitue une opportunit\u00e9 unique pour les futurs ing\u00e9nieurs industriels en construction, qui \u00e9tudient sur le site du quai Gloesener.<\/p>\n<p>En ayant acc\u00e8s \u00e0 ce projet dont le potentiel p\u00e9dagogique est int\u00e9gr\u00e9 \u00e0 leur cursus, ils sont en contact direct avec les technologies de pointe dans le domaine en constante \u00e9volution des \u00e9conomies d&rsquo;\u00e9nergie.<\/p>\n<p>Le projet BRICKER a d\u00e9marr\u00e9 en octobre 2013 et se cl\u00f4turera en octobre 2017.<\/p>\n<h3><em>Pour en savoir plus<\/em><\/h3>\n<p><em>D\u00e9couvrez, sur le <a href=\"http:\/\/www.bricker-project.com\/\" target=\"_blank\">site officiel<\/a> de BRICKER (en anglais) :<\/em><\/p>\n<ul>\n<li><em>La pr\u00e9sentation du <a href=\"http:\/\/www.bricker-project.com\/Demo_Sites\/Belgium\/Description-Of-The-Belgian-Demo-Site-Liege.kl\" target=\"_blank\">b\u00e2timent du quai Gloesener<\/a> et des <a href=\"http:\/\/www.bricker-project.com\/Demo_Sites\/Belgium\/Interventions-In-The-Belgian-Demo-Site.kl\" target=\"_blank\">interventions<\/a> qui y seront r\u00e9alis\u00e9es ;<\/em><\/li>\n<li><em><a href=\"http:\/\/www.bricker-project.com\/News\/Interviews\/Retrofitting-Showcase-On-A-Belgian-High-School.kl\" target=\"_blank\">L&rsquo;interview de Raymond Charlier<\/a>, Attach\u00e9 Ing\u00e9nieur industriel au Service Provincial des B\u00e2timents ;<\/em><\/li>\n<li><em><a href=\"http:\/\/www.bricker-project.com\/News\/Interviews\/Building-Teaching-Opportunities-Into-Energy-Efficiency-Renovations.kl\" target=\"_blank\">L&rsquo;interview de Gabrielle Masy<\/a>, professeur \u00e0 la HEPL dans la section Master en Sciences de l&rsquo;Ing\u00e9nieur industriel &#8211; Finalit\u00e9 Construction ;<\/em><a href=\"http:\/\/www.bricker-project.com\/News\/Interviews\/Building-Teaching-Opportunities-Into-Energy-Efficiency-Renovations.kl\" target=\"_blank\"><br \/>\n<\/a><\/li>\n<li><em><a href=\"http:\/\/www.bricker-project.com\/News\/Articles\/Students-Learn-First-Hand-About-Energy-Efficiency-At-School.kl\" target=\"_blank\">L&rsquo;article r\u00e9alis\u00e9 \u00e0 l&rsquo;occasion de la Journ\u00e9e Portes ouvertes 2015<\/a>, donnant la parole \u00e0 Philippe Coll\u00e9e, Directeur de la Cat\u00e9gorie technique de la HEPL, et \u00e0 Gabrielle Masy.<\/em><\/li>\n<\/ul>\n","protected":false},"excerpt":{"rendered":"<p>Source :\u00a0http:\/\/www.provincedeliege.be\/fr\/evenement\/27?nid=9115&amp;from=actu La Province de Li\u00e8ge participe au projet europ\u00e9en BRICKER, qui va transformer le b\u00e2timent de la HEPL situ\u00e9 quai Gloesener en vitrine technologique en mati\u00e8re de chauffage, ventilation et isolation. En d\u00e9cembre 2012, la Province de Li\u00e8ge a &hellip; <a href=\"https:\/\/uilg.be\/blog\/hepl-bricker-ameliorer-lefficacite-energetique-des-batiments-publics\/\">Continuer la lecture <span class=\"meta-nav\">&rarr;<\/span><\/a><\/p>\n","protected":false},"author":1,"featured_media":0,"comment_status":"open","ping_status":"open","sticky":false,"template":"","format":"standard","meta":{"_monsterinsights_skip_tracking":false,"_monsterinsights_sitenote_active":false,"_monsterinsights_sitenote_note":"","_monsterinsights_sitenote_category":0,"jetpack_post_was_ever_published":false,"_jetpack_newsletter_access":"","_jetpack_dont_email_post_to_subs":false,"_jetpack_newsletter_tier_id":0,"_jetpack_memberships_contains_paywalled_content":false,"_jetpack_memberships_contains_paid_content":false,"footnotes":"","jetpack_publicize_message":"","jetpack_publicize_feature_enabled":true,"jetpack_social_post_already_shared":true,"jetpack_social_options":{"image_generator_settings":{"template":"highway","default_image_id":0,"font":"","enabled":false},"version":2}},"categories":[36],"tags":[75,76],"class_list":["post-673","post","type-post","status-publish","format-standard","hentry","category-hepl-2","tag-bricker","tag-efficacite-energetique"],"jetpack_publicize_connections":[],"jetpack_featured_media_url":"","jetpack_shortlink":"https:\/\/wp.me\/p3rzaT-aR","jetpack_sharing_enabled":true,"_links":{"self":[{"href":"https:\/\/uilg.be\/blog\/wp-json\/wp\/v2\/posts\/673","targetHints":{"allow":["GET"]}}],"collection":[{"href":"https:\/\/uilg.be\/blog\/wp-json\/wp\/v2\/posts"}],"about":[{"href":"https:\/\/uilg.be\/blog\/wp-json\/wp\/v2\/types\/post"}],"author":[{"embeddable":true,"href":"https:\/\/uilg.be\/blog\/wp-json\/wp\/v2\/users\/1"}],"replies":[{"embeddable":true,"href":"https:\/\/uilg.be\/blog\/wp-json\/wp\/v2\/comments?post=673"}],"version-history":[{"count":1,"href":"https:\/\/uilg.be\/blog\/wp-json\/wp\/v2\/posts\/673\/revisions"}],"predecessor-version":[{"id":674,"href":"https:\/\/uilg.be\/blog\/wp-json\/wp\/v2\/posts\/673\/revisions\/674"}],"wp:attachment":[{"href":"https:\/\/uilg.be\/blog\/wp-json\/wp\/v2\/media?parent=673"}],"wp:term":[{"taxonomy":"category","embeddable":true,"href":"https:\/\/uilg.be\/blog\/wp-json\/wp\/v2\/categories?post=673"},{"taxonomy":"post_tag","embeddable":true,"href":"https:\/\/uilg.be\/blog\/wp-json\/wp\/v2\/tags?post=673"}],"curies":[{"name":"wp","href":"https:\/\/api.w.org\/{rel}","templated":true}]}}