{"id":752,"date":"2015-10-16T20:42:02","date_gmt":"2015-10-16T18:42:02","guid":{"rendered":"http:\/\/uilg.be\/blog\/?p=752"},"modified":"2015-10-16T20:42:02","modified_gmt":"2015-10-16T18:42:02","slug":"hepl-fierte-et-convivialite-a-la-ceremonie-officielle-de-proclamation-des-resultats-de-lannee-academique","status":"publish","type":"post","link":"https:\/\/uilg.be\/blog\/hepl-fierte-et-convivialite-a-la-ceremonie-officielle-de-proclamation-des-resultats-de-lannee-academique\/","title":{"rendered":"HEPL : Fiert\u00e9 et convivialit\u00e9 \u00e0 la c\u00e9r\u00e9monie officielle de proclamation des r\u00e9sultats de l\u2019ann\u00e9e acad\u00e9mique"},"content":{"rendered":"<h2><img data-recalc-dims=\"1\" decoding=\"async\" class=\"alignright\" title=\"Fiert\u00e9 et convivialit\u00e9 \u00e0 la C\u00e9r\u00e9monie officielle de proclamation des r\u00e9sultats de l\u2019ann\u00e9e acad\u00e9mique\" src=\"https:\/\/i0.wp.com\/www.provincedeliege.be\/sites\/default\/files\/styles\/plg_medias_250\/public\/media\/9920\/IMGP9728.JPG?w=584\" alt=\"Fiert\u00e9 et convivialit\u00e9 \u00e0 la C\u00e9r\u00e9monie officielle de proclamation des r\u00e9sultats de l\u2019ann\u00e9e acad\u00e9mique\" \/><\/h2>\n<p><strong>Le 11 septembre, la HEPL a accueilli l\u2019ensemble de ses dipl\u00f4m\u00e9s au Campus 2000 pour la c\u00e9r\u00e9monie officielle de proclamation des r\u00e9sultats de l\u2019ann\u00e9e acad\u00e9mique 2014-2015.<\/strong><\/p>\n<p>Ce sont pas moins de 1.801 \u00e9tudiants qui ont r\u00e9ussi, lors des sessions d&rsquo;examen de juin et de septembre, leur parcours acad\u00e9mique dans l&rsquo;ensemble des formations de Bachelier, Master et des sp\u00e9cialisations propos\u00e9es par la HEPL.<\/p>\n<p>Les \u00e9tudiants et leurs proches ont \u00e9t\u00e9 accueillis au Campus 2000 pour une c\u00e9r\u00e9monie de mise \u00e0 l&rsquo;honneur o\u00f9 fiert\u00e9, \u00e9motion et bonne humeur se sont c\u00f4toy\u00e9es pour le plus grand plaisir de chacun.<\/p>\n<p>Ce sont tout d&rsquo;abord les \u00e9tudiants qui se sont distingu\u00e9s lors de leurs \u00e9tudes, tant au niveau acad\u00e9mique que dans un domaine artistique, sportif, associatif, humanitaire ou autre, qui ont \u00e9t\u00e9 invit\u00e9s \u00e0 recevoir les f\u00e9licitations des Autorit\u00e9s provinciales et de l&rsquo;Enseignement provincial.<\/p>\n<p>Ensuite, les Directions et leurs Coordinations p\u00e9dagogiques ont proc\u00e9d\u00e9 aux proclamations des r\u00e9sultats avec les grades acad\u00e9miques, section par section. Ces rencontres privil\u00e9gi\u00e9es ont \u00e9t\u00e9 l&rsquo;occasion pour les dipl\u00f4m\u00e9s et leurs enseignants de cl\u00f4turer le cursus en toute convivialit\u00e9.<\/p>\n<p>Pr\u00e8s de 3.000 personnes se sont ensuite joyeusement rendues dans le Parc du Campus o\u00f9 \u00e9tait servi le verre de l&rsquo;amiti\u00e9. Musique et rires ont alors r\u00e9sonn\u00e9 sous les rayons du soleil qui lui aussi tenait \u00e0 \u00eatre pr\u00e9sent.<\/p>\n<p>Source :\u00a0<a href=\"http:\/\/www.provincedeliege.be\/fr\/evenement\/27?nid=9920&amp;from=actu\">http:\/\/www.provincedeliege.be\/fr\/evenement\/27?nid=9920&amp;from=actu<\/a><\/p>\n","protected":false},"excerpt":{"rendered":"<p>Le 11 septembre, la HEPL a accueilli l\u2019ensemble de ses dipl\u00f4m\u00e9s au Campus 2000 pour la c\u00e9r\u00e9monie officielle de proclamation des r\u00e9sultats de l\u2019ann\u00e9e acad\u00e9mique 2014-2015. Ce sont pas moins de 1.801 \u00e9tudiants qui ont r\u00e9ussi, lors des sessions d&rsquo;examen &hellip; <a href=\"https:\/\/uilg.be\/blog\/hepl-fierte-et-convivialite-a-la-ceremonie-officielle-de-proclamation-des-resultats-de-lannee-academique\/\">Continuer la lecture <span class=\"meta-nav\">&rarr;<\/span><\/a><\/p>\n","protected":false},"author":1,"featured_media":0,"comment_status":"open","ping_status":"open","sticky":false,"template":"","format":"standard","meta":{"_monsterinsights_skip_tracking":false,"_monsterinsights_sitenote_active":false,"_monsterinsights_sitenote_note":"","_monsterinsights_sitenote_category":0,"jetpack_post_was_ever_published":false,"_jetpack_newsletter_access":"","_jetpack_dont_email_post_to_subs":false,"_jetpack_newsletter_tier_id":0,"_jetpack_memberships_contains_paywalled_content":false,"_jetpack_memberships_contains_paid_content":false,"footnotes":"","jetpack_publicize_message":"","jetpack_publicize_feature_enabled":true,"jetpack_social_post_already_shared":true,"jetpack_social_options":{"image_generator_settings":{"template":"highway","default_image_id":0,"font":"","enabled":false},"version":2}},"categories":[36],"tags":[12,81],"class_list":["post-752","post","type-post","status-publish","format-standard","hentry","category-hepl-2","tag-hepl","tag-rentree-academique"],"jetpack_publicize_connections":[],"jetpack_featured_media_url":"","jetpack_shortlink":"https:\/\/wp.me\/p3rzaT-c8","jetpack_sharing_enabled":true,"_links":{"self":[{"href":"https:\/\/uilg.be\/blog\/wp-json\/wp\/v2\/posts\/752","targetHints":{"allow":["GET"]}}],"collection":[{"href":"https:\/\/uilg.be\/blog\/wp-json\/wp\/v2\/posts"}],"about":[{"href":"https:\/\/uilg.be\/blog\/wp-json\/wp\/v2\/types\/post"}],"author":[{"embeddable":true,"href":"https:\/\/uilg.be\/blog\/wp-json\/wp\/v2\/users\/1"}],"replies":[{"embeddable":true,"href":"https:\/\/uilg.be\/blog\/wp-json\/wp\/v2\/comments?post=752"}],"version-history":[{"count":1,"href":"https:\/\/uilg.be\/blog\/wp-json\/wp\/v2\/posts\/752\/revisions"}],"predecessor-version":[{"id":753,"href":"https:\/\/uilg.be\/blog\/wp-json\/wp\/v2\/posts\/752\/revisions\/753"}],"wp:attachment":[{"href":"https:\/\/uilg.be\/blog\/wp-json\/wp\/v2\/media?parent=752"}],"wp:term":[{"taxonomy":"category","embeddable":true,"href":"https:\/\/uilg.be\/blog\/wp-json\/wp\/v2\/categories?post=752"},{"taxonomy":"post_tag","embeddable":true,"href":"https:\/\/uilg.be\/blog\/wp-json\/wp\/v2\/tags?post=752"}],"curies":[{"name":"wp","href":"https:\/\/api.w.org\/{rel}","templated":true}]}}