{"id":794,"date":"2016-02-21T09:54:44","date_gmt":"2016-02-21T08:54:44","guid":{"rendered":"http:\/\/uilg.be\/blog\/?p=794"},"modified":"2016-02-21T09:54:44","modified_gmt":"2016-02-21T08:54:44","slug":"hepl-portes-ouvertes-une-journee-pour-decouvrir-la-haute-ecole-de-la-province-de-liege","status":"publish","type":"post","link":"https:\/\/uilg.be\/blog\/hepl-portes-ouvertes-une-journee-pour-decouvrir-la-haute-ecole-de-la-province-de-liege\/","title":{"rendered":"HEPL : Portes ouvertes: une journ\u00e9e pour d\u00e9couvrir la Haute \u00c9cole de la Province de Li\u00e8ge"},"content":{"rendered":"<h2><a class=\"class_visionneuse56c97a5f70ccf cboxElement\" title=\"Portes ouvertes 2016: une journ\u00e9e pour nous d\u00e9couvrir!\" href=\"https:\/\/i0.wp.com\/www.provincedeliege.be\/sites\/default\/files\/styles\/plg_medias_800\/public\/media\/10213\/LOGO%20EPL%2BPROTECTION.jpg\"><img data-recalc-dims=\"1\" decoding=\"async\" title=\"Portes ouvertes 2016: une journ\u00e9e pour nous d\u00e9couvrir!\" src=\"https:\/\/i0.wp.com\/www.provincedeliege.be\/sites\/default\/files\/styles\/plg_medias_250\/public\/media\/10213\/LOGO%20EPL%2BPROTECTION.jpg?w=584\" alt=\"Portes ouvertes 2016: une journ\u00e9e pour nous d\u00e9couvrir!\" \/><\/a><\/h2>\n<p><strong>La Journ\u00e9e Portes ouvertes de la HEPL se tiendra le samedi 23 avril 2016 sur tous ses sites.<\/strong><\/p>\n<h2>Journ\u00e9e Portes ouvertes<\/h2>\n<p>De 9h30 \u00e0 15h sur tous nos sites, tu pourras rencontrer les \u00e9tudiants et les membres de nos \u00e9quipes p\u00e9dagogiques et \u00e9ducatives, d\u00e9couvrir leurs classes et auditoires, leurs laboratoires et installations, bref\u00a0: leur cadre de vie\u00a0!<\/p>\n<p>Ils t&rsquo;informeront tr\u00e8s concr\u00e8tement sur les formations organis\u00e9es, les m\u00e9tiers auxquels celles-ci donnent acc\u00e8s et r\u00e9pondront \u00e0 toutes tes questions !<\/p>\n<h3>Samedi 23 avril 2016<\/h3>\n<ul>\n<li>Huy\u00a0: Avenue Delchambre, 13 &#8211; 4500 Huy<\/li>\n<li>La Reid\u00a0: Haut Mar\u00eat, 20 &#8211; 4910 La Reid<\/li>\n<li>Li\u00e8ge\u00a0:\n<ul>\n<li>Quai du Barbou, 2 &#8211; 4020 Li\u00e8ge<\/li>\n<li>Quai Gloesener, 6 &#8211; 4020 Li\u00e8ge<\/li>\n<li>Rue Beeckman, 19 &#8211; 4000 Li\u00e8ge<\/li>\n<\/ul>\n<\/li>\n<li>Seraing\u00a0:\n<ul>\n<li>Parc des Mar\u00eats &#8211; Rue Peetermans, 80 &#8211; 4100 Seraing<\/li>\n<li>Campus 2000 &#8211; Avenue Montesquieu, 6 &#8211; 4101 Jemeppe<\/li>\n<\/ul>\n<\/li>\n<\/ul>\n<ul>\n<li>Verviers\u00a0:\n<ul>\n<li>Rue aux Laines, 69 &#8211; 4800 Verviers<\/li>\n<li>Avenue Peltzer, 40b &#8211; 4800 Verviers<\/li>\n<\/ul>\n<\/li>\n<\/ul>\n<p><em>Pour en savoir plus sur nos formations, n&rsquo;h\u00e9site pas \u00e0 consulter notre page <a href=\"http:\/\/www.provincedeliege.be\/fr\/node\/744\" target=\"_self\">\u00ab\u00a0Bacheliers, Masters et sp\u00e9cialisations\u00a0\u00bb<\/a> et \u00e0 nous contacter !<\/em><\/p>\n<h2>Nos autres rendez-vous d&rsquo;information<\/h2>\n<h3>Journ\u00e9es d&rsquo;immersion<\/h3>\n<p><strong>De f\u00e9vrier \u00e0 mai 2016<\/strong>, la HEPL organise des <a href=\"http:\/\/www.provincedeliege.be\/fr\/evenement\/27?nid=8751\" target=\"_self\"><strong>Journ\u00e9es d&rsquo;immersion<\/strong><\/a>, sur le principe \u00ab\u00a0Un jour en classe avec&#8230;\u00a0\u00bb. Au programme : des cours bien s\u00fbr, mais aussi de nombreux moments de contacts avec les \u00e9tudiants et les enseignants.<\/p>\n<h3>Salons d&rsquo;information<\/h3>\n<p>Pour conna\u00eetre les <strong>salons d&rsquo;information<\/strong> auxquels nous participons, n&rsquo;h\u00e9site pas \u00e0 consulter notre <strong>page <a href=\"http:\/\/www.provincedeliege.be\/fr\/node\/530\">\u00ab\u00a0Rencontrez-nous\u00a0\u00bb<\/a><\/strong>\u00a0!<\/p>\n<p>Source :\u00a0<a href=\"http:\/\/www.provincedeliege.be\/fr\/evenement\/27?nid=10213&amp;from=actu\">http:\/\/www.provincedeliege.be\/fr\/evenement\/27?nid=10213&amp;from=actu<\/a><\/p>\n","protected":false},"excerpt":{"rendered":"<p>La Journ\u00e9e Portes ouvertes de la HEPL se tiendra le samedi 23 avril 2016 sur tous ses sites. Journ\u00e9e Portes ouvertes De 9h30 \u00e0 15h sur tous nos sites, tu pourras rencontrer les \u00e9tudiants et les membres de nos \u00e9quipes &hellip; <a href=\"https:\/\/uilg.be\/blog\/hepl-portes-ouvertes-une-journee-pour-decouvrir-la-haute-ecole-de-la-province-de-liege\/\">Continuer la lecture <span class=\"meta-nav\">&rarr;<\/span><\/a><\/p>\n","protected":false},"author":1,"featured_media":0,"comment_status":"open","ping_status":"open","sticky":false,"template":"","format":"standard","meta":{"_monsterinsights_skip_tracking":false,"_monsterinsights_sitenote_active":false,"_monsterinsights_sitenote_note":"","_monsterinsights_sitenote_category":0,"jetpack_post_was_ever_published":false,"_jetpack_newsletter_access":"","_jetpack_dont_email_post_to_subs":false,"_jetpack_newsletter_tier_id":0,"_jetpack_memberships_contains_paywalled_content":false,"_jetpack_memberships_contains_paid_content":false,"footnotes":"","jetpack_publicize_message":"","jetpack_publicize_feature_enabled":true,"jetpack_social_post_already_shared":true,"jetpack_social_options":{"image_generator_settings":{"template":"highway","default_image_id":0,"font":"","enabled":false},"version":2}},"categories":[36,37],"tags":[34,12,85,16],"class_list":["post-794","post","type-post","status-publish","format-standard","hentry","category-hepl-2","category-uilg-2","tag-assemblee-generale","tag-hepl","tag-portes-ouvertes","tag-uilg"],"jetpack_publicize_connections":[],"jetpack_featured_media_url":"","jetpack_shortlink":"https:\/\/wp.me\/p3rzaT-cO","jetpack_sharing_enabled":true,"_links":{"self":[{"href":"https:\/\/uilg.be\/blog\/wp-json\/wp\/v2\/posts\/794","targetHints":{"allow":["GET"]}}],"collection":[{"href":"https:\/\/uilg.be\/blog\/wp-json\/wp\/v2\/posts"}],"about":[{"href":"https:\/\/uilg.be\/blog\/wp-json\/wp\/v2\/types\/post"}],"author":[{"embeddable":true,"href":"https:\/\/uilg.be\/blog\/wp-json\/wp\/v2\/users\/1"}],"replies":[{"embeddable":true,"href":"https:\/\/uilg.be\/blog\/wp-json\/wp\/v2\/comments?post=794"}],"version-history":[{"count":1,"href":"https:\/\/uilg.be\/blog\/wp-json\/wp\/v2\/posts\/794\/revisions"}],"predecessor-version":[{"id":795,"href":"https:\/\/uilg.be\/blog\/wp-json\/wp\/v2\/posts\/794\/revisions\/795"}],"wp:attachment":[{"href":"https:\/\/uilg.be\/blog\/wp-json\/wp\/v2\/media?parent=794"}],"wp:term":[{"taxonomy":"category","embeddable":true,"href":"https:\/\/uilg.be\/blog\/wp-json\/wp\/v2\/categories?post=794"},{"taxonomy":"post_tag","embeddable":true,"href":"https:\/\/uilg.be\/blog\/wp-json\/wp\/v2\/tags?post=794"}],"curies":[{"name":"wp","href":"https:\/\/api.w.org\/{rel}","templated":true}]}}