{"id":821,"date":"2016-03-25T08:00:49","date_gmt":"2016-03-25T07:00:49","guid":{"rendered":"http:\/\/uilg.be\/blog\/?p=821"},"modified":"2016-03-23T22:06:20","modified_gmt":"2016-03-23T21:06:20","slug":"convocation-a-lassemblee-generale-de-luilg-asbl-23-avril-2016","status":"publish","type":"post","link":"https:\/\/uilg.be\/blog\/convocation-a-lassemblee-generale-de-luilg-asbl-23-avril-2016\/","title":{"rendered":"Convocation \u00e0 l\u2019Assembl\u00e9e G\u00e9n\u00e9rale de l&rsquo;UILg asbl du 23 avril 2016"},"content":{"rendered":"<h1>Convocation \u00e0 l\u2019Assembl\u00e9e G\u00e9n\u00e9rale de l&rsquo;UILg asbl du 23 avril 2016<\/h1>\n<h2>Date et lieu<\/h2>\n<p>Vous \u00eates invit\u00e9s \u00e0 participer \u00e0 l\u2019Assembl\u00e9e G\u00e9n\u00e9rale de votre association, l&rsquo;UILg asbl qui se tiendra lors des portes-ouvertes de l&rsquo;ISIL, ce samedi 23 avril 2016 \u00e0 10h. Quai Gloesener 6 \u00e0 4020 Li\u00e8ge.<\/p>\n<p>Vous pourrez \u00e9galement visiter l&rsquo;ISIL lors de votre d\u00e9placement dans l&rsquo;enceinte de la Haute Ecole de la Province de Li\u00e8ge<\/p>\n<p>Pour les absents, n\u2019oubliez pas que vous pouvez donner votre procuration \u00e0 un membre pr\u00e9sent (voir formulaire ci-dessous).<\/p>\n<h2>Ordre du jour<\/h2>\n<p><em>1 Ouverture de la s\u00e9ance par le pr\u00e9sident l\u2019Ing. G\u00e9rard Luthers\u00a0MSc EUR-Ing<\/em><\/p>\n<p><em>2 Approbation du compte rendu de l\u2019A.G. du 25 avril 2015<\/em><\/p>\n<p><em>3 Rapport moral du Secr\u00e9taire G\u00e9n\u00e9ral, l\u2019Ing. Quentin Dr\u00e8ze MSc<\/em><\/p>\n<p><em>4 Comptes de l\u2019exercice \u00e9coul\u00e9 par le tr\u00e9sorier,\u00a0 l\u2019Ing. Jean-Louis L\u00e9onard MSc<\/em><\/p>\n<p><em>5 Comptes de l\u2019exercice pr\u00e9c\u00e9dent 2015<\/em><\/p>\n<p><em>\u00a05.1 Rapport des Commissaires V\u00e9rificateurs aux comptes de l\u2019exercice 2015<\/em><\/p>\n<p><em>\u00a05.2 Approbation des comptes de l\u2019exercice 2015 par l\u2019assembl\u00e9e<\/em><\/p>\n<p><em>\u00a05.3 D\u00e9charge aux Administrateurs et aux V\u00e9rificateurs aux comptes pour l\u2019exercice 2015<\/em><\/p>\n<p><em>6 Comptes et budget pour le prochain exercice 2016<\/em><\/p>\n<p><em>\u00a06.1 Proposition de budget pour le prochain exercice par le Tr\u00e9sorier l\u2019Ing. Jean-Louis L\u00e9onard MSc<\/em><\/p>\n<p><em>\u00a06.2\u00a0\u00a0 D\u00e9signation de deux V\u00e9rificateurs aux comptes pour l\u2019exercice 2016<\/em><\/p>\n<p><em>\u00a06.3\u00a0\u00a0 Montant des cotisations 2017<\/em><\/p>\n<p><em>7 Bilan des activit\u00e9s 2015 et perspectives 2016 par le Pr\u00e9sident.<\/em><\/p>\n<p><em>8 Election des Administrateurs.<\/em><\/p>\n<p>&#8211;\u00a0\u00a0\u00a0\u00a0\u00a0\u00a0\u00a0\u00a0\u00a0<em>Sont sortant et r\u00e9\u00e9ligibles\u00a0:\u00a0<\/em><\/p>\n<table>\n<tbody>\n<tr>\n<td width=\"290\"><em>&#8211; Ing. Hubert Pieri Msc, <\/em><\/p>\n<p><em>&#8211; Ing. Laurent Sansdrap Msc,<\/em><\/p>\n<p><em>&#8211; Ing. Mounawar Madani Msc,<\/em><\/td>\n<td width=\"354\"><em>&#8211; Ing. Jean-Louis L\u00e9onard MSc, <\/em><\/p>\n<p><em>&#8211; Ing. G\u00e9rard Luthers Msc EUR-Ing<\/em><\/td>\n<\/tr>\n<\/tbody>\n<\/table>\n<p>&#8211;\u00a0\u00a0\u00a0\u00a0\u00a0\u00a0\u00a0\u00a0\u00a0<em>les \u00e9ventuelles candidatures re\u00e7ues.<\/em><\/p>\n<h2>Rappel<\/h2>\n<p>Le rapport de l&rsquo;assembl\u00e9e g\u00e9n\u00e9rale du 25 avril 2015 est paru dans votre journal \u00ab\u00a0Connect&rsquo;Ing. \u00bb du 3\u00e8me trimestre 2015.<\/p>\n<p>Une copie informatique est disponible sur notre site (<a href=\"http:\/\/uilg.be\/blog\/connecting-032015\/\">http:\/\/uilg.be\/blog\/connecting-032015\/<\/a>) et peut \u00e9galement \u00eatre fournie par mail sur simple demande (<a href=\"mailto:info@uilg.be\">info@uilg.be<\/a>).<\/p>\n<h2>Repas<\/h2>\n<p>Juste apr\u00e8s l\u2019Assembl\u00e9e G\u00e9n\u00e9rale, vers 13h, nous nous retrouverons, comme nous en avons pris l\u2019habitude, \u00e0 la friterie <a href=\"http:\/\/www.mere-berthe.be\/\">La m\u00e8re Berthe<\/a> et le soir, dans un restaurant plus classique encore \u00e0 d\u00e9finir.<\/p>\n<p>Vous \u00eates \u00e9videmment les bienvenus si vous d\u00e9sirez nous y accompagner.<\/p>\n<h1>Candidature au conseil d\u2019administration<\/h1>\n<p>Comme chaque ann\u00e9e, l&rsquo;AG l&rsquo;occasion pour tous les membres d\u00e9sireux de s&rsquo;impliquer dans la d\u00e9fense de nos int\u00e9r\u00eats de se porter candidat au conseil d&rsquo;administration ou, plus modestement, de proposer une aide ponctuelle dans notre travail au jour le jour (ex : commissions UFIIB &#8211; Service public, enseignement, etc.).<\/p>\n<p>&nbsp;<\/p>\n<p>Pour poser votre candidature, merci de compl\u00e9ter le formulaire ci-apr\u00e8s et nous le renvoyer, accompagn\u00e9s de quelques lignes d\u00e9taillant votre parcours et votre motivation.\u00a0 Les candidatures seront pr\u00e9sent\u00e9es \u00e0 l\u2019assembl\u00e9e g\u00e9n\u00e9rale.<\/p>\n<p>La pr\u00e9sence des candidats est vivement souhait\u00e9e le jour de l\u2019assembl\u00e9e g\u00e9n\u00e9rale.<\/p>\n<p><a href=\"http:\/\/uilg.be\/blog\/wp-content\/uploads\/2016\/03\/2016-01-ConnectIng.pdf\" rel=\"attachment wp-att-822\"><img data-recalc-dims=\"1\" loading=\"lazy\" decoding=\"async\" class=\"alignnone size-large wp-image-822\" src=\"https:\/\/i0.wp.com\/uilg.be\/blog\/wp-content\/uploads\/2016\/03\/2016-01-ConnectIng-1.jpg?resize=584%2C826\" alt=\"2016-01-Connect'Ing\" width=\"584\" height=\"826\" srcset=\"https:\/\/i0.wp.com\/uilg.be\/blog\/wp-content\/uploads\/2016\/03\/2016-01-ConnectIng-1.jpg?resize=724%2C1024&amp;ssl=1 724w, https:\/\/i0.wp.com\/uilg.be\/blog\/wp-content\/uploads\/2016\/03\/2016-01-ConnectIng-1.jpg?resize=212%2C300&amp;ssl=1 212w, https:\/\/i0.wp.com\/uilg.be\/blog\/wp-content\/uploads\/2016\/03\/2016-01-ConnectIng-1.jpg?resize=768%2C1086&amp;ssl=1 768w, https:\/\/i0.wp.com\/uilg.be\/blog\/wp-content\/uploads\/2016\/03\/2016-01-ConnectIng-1.jpg?w=1240&amp;ssl=1 1240w, https:\/\/i0.wp.com\/uilg.be\/blog\/wp-content\/uploads\/2016\/03\/2016-01-ConnectIng-1.jpg?w=1168 1168w\" sizes=\"auto, (max-width: 584px) 100vw, 584px\" \/><\/a><\/p>\n","protected":false},"excerpt":{"rendered":"<p>Convocation \u00e0 l\u2019Assembl\u00e9e G\u00e9n\u00e9rale de l&rsquo;UILg asbl du 23 avril 2016 Date et lieu Vous \u00eates invit\u00e9s \u00e0 participer \u00e0 l\u2019Assembl\u00e9e G\u00e9n\u00e9rale de votre association, l&rsquo;UILg asbl qui se tiendra lors des portes-ouvertes de l&rsquo;ISIL, ce samedi 23 avril 2016 &hellip; <a href=\"https:\/\/uilg.be\/blog\/convocation-a-lassemblee-generale-de-luilg-asbl-23-avril-2016\/\">Continuer la lecture <span class=\"meta-nav\">&rarr;<\/span><\/a><\/p>\n","protected":false},"author":1,"featured_media":0,"comment_status":"open","ping_status":"open","sticky":false,"template":"","format":"standard","meta":{"_monsterinsights_skip_tracking":false,"_monsterinsights_sitenote_active":false,"_monsterinsights_sitenote_note":"","_monsterinsights_sitenote_category":0,"jetpack_post_was_ever_published":false,"_jetpack_newsletter_access":"","_jetpack_dont_email_post_to_subs":false,"_jetpack_newsletter_tier_id":0,"_jetpack_memberships_contains_paywalled_content":false,"_jetpack_memberships_contains_paid_content":false,"footnotes":"","jetpack_publicize_message":"","jetpack_publicize_feature_enabled":true,"jetpack_social_post_already_shared":true,"jetpack_social_options":{"image_generator_settings":{"template":"highway","default_image_id":0,"font":"","enabled":false},"version":2}},"categories":[37],"tags":[34,92,94,91,93],"class_list":["post-821","post","type-post","status-publish","format-standard","hentry","category-uilg-2","tag-assemblee-generale","tag-candidature","tag-conseil-dadministration","tag-convocation","tag-procuration"],"jetpack_publicize_connections":[],"jetpack_featured_media_url":"","jetpack_shortlink":"https:\/\/wp.me\/p3rzaT-df","jetpack_sharing_enabled":true,"_links":{"self":[{"href":"https:\/\/uilg.be\/blog\/wp-json\/wp\/v2\/posts\/821","targetHints":{"allow":["GET"]}}],"collection":[{"href":"https:\/\/uilg.be\/blog\/wp-json\/wp\/v2\/posts"}],"about":[{"href":"https:\/\/uilg.be\/blog\/wp-json\/wp\/v2\/types\/post"}],"author":[{"embeddable":true,"href":"https:\/\/uilg.be\/blog\/wp-json\/wp\/v2\/users\/1"}],"replies":[{"embeddable":true,"href":"https:\/\/uilg.be\/blog\/wp-json\/wp\/v2\/comments?post=821"}],"version-history":[{"count":3,"href":"https:\/\/uilg.be\/blog\/wp-json\/wp\/v2\/posts\/821\/revisions"}],"predecessor-version":[{"id":825,"href":"https:\/\/uilg.be\/blog\/wp-json\/wp\/v2\/posts\/821\/revisions\/825"}],"wp:attachment":[{"href":"https:\/\/uilg.be\/blog\/wp-json\/wp\/v2\/media?parent=821"}],"wp:term":[{"taxonomy":"category","embeddable":true,"href":"https:\/\/uilg.be\/blog\/wp-json\/wp\/v2\/categories?post=821"},{"taxonomy":"post_tag","embeddable":true,"href":"https:\/\/uilg.be\/blog\/wp-json\/wp\/v2\/tags?post=821"}],"curies":[{"name":"wp","href":"https:\/\/api.w.org\/{rel}","templated":true}]}}