{"id":826,"date":"2016-03-25T12:06:26","date_gmt":"2016-03-25T11:06:26","guid":{"rendered":"http:\/\/uilg.be\/blog\/?p=826"},"modified":"2016-03-23T22:10:31","modified_gmt":"2016-03-23T21:10:31","slug":"candidature-conseil-dadministration-de-luilg","status":"publish","type":"post","link":"https:\/\/uilg.be\/blog\/candidature-conseil-dadministration-de-luilg\/","title":{"rendered":"Candidature au Conseil d&rsquo;Administration de l&rsquo;UILg"},"content":{"rendered":"<p>Comme chaque ann\u00e9e, l&rsquo;Assembl\u00e9e G\u00e9n\u00e9rale offre\u00a0l&rsquo;occasion pour tous les membres d\u00e9sireux de s&rsquo;impliquer dans la d\u00e9fense de nos int\u00e9r\u00eats de se porter candidat au <a href=\"http:\/\/uilg.be\/blog\/uilg-diplomes-de-lisil-hepl-alumni\/conseil-dadministration\/\">Conseil d&rsquo;Administration<\/a> ou, plus modestement, de proposer une aide ponctuelle dans notre travail au jour le jour (ex : commissions UFIIB &#8211; Service public, enseignement, etc.).<\/p>\n<p>Les d\u00e9fis actuels sont nombreux pour les porteurs du titre d\u2019ing\u00e9nieur industriel :<\/p>\n<ul>\n<li>Pensons au lobbying intensif des ing\u00e9nieurs civils des services publics\u00a0pour maintenir leurs avantages bar\u00e9miques et bloquer la promotion de nos coll\u00e8gues.<\/li>\n<li>Pensons \u00e9galement aux difficult\u00e9s rencontr\u00e9es par nos coll\u00e8gues expatri\u00e9s pour faire reconna\u00eetre le niveau de notre dipl\u00f4me. C&rsquo;est avec la synergie et l&rsquo;appui des autres associations regroup\u00e9es au sein de l&rsquo;UFIIB qu&rsquo;ils pourront se faire reconna\u00eetre par le travail \u00e0 tous les niveaux de pouvoirs.<\/li>\n<li>Saviez-vous par exemple qu\u2019actuellement, un ing\u00e9nieur industriel n\u2019a pas acc\u00e8s \u00e0 la profession de chauffagiste contrairement aux ing\u00e9nieurs civils ou aux ing\u00e9nieurs techniciens (nos pr\u00e9d\u00e9cesseurs, form\u00e9s en 3 ans avant 1977).<\/li>\n<\/ul>\n<p>En tant qu&rsquo;ing\u00e9nieur industriel, jeune dipl\u00f4m\u00e9 ou professionnel chevronn\u00e9, vos comp\u00e9tences peuvent certainement b\u00e9n\u00e9ficier \u00e0 l&rsquo;ensemble de vos coll\u00e8gues.<\/p>\n<p>En outre, participer \u00e0 la vie associative d&rsquo;une association professionnelle comme la n\u00f4tre, c&rsquo;est la garantie de d\u00e9velopper son r\u00e9seau.<\/p>\n<p>Pour poser votre candidature, merci de compl\u00e9ter le formulaire ci-apr\u00e8s et nous le renvoyer, accompagn\u00e9s de quelques lignes d\u00e9taillant votre parcours et votre motivation.\u00a0 Les candidatures seront pr\u00e9sent\u00e9es \u00e0 l\u2019assembl\u00e9e g\u00e9n\u00e9rale.<\/p>\n<p>La pr\u00e9sence des candidats est vivement souhait\u00e9e le jour de l\u2019assembl\u00e9e g\u00e9n\u00e9rale.<\/p>\n<p><a href=\"http:\/\/uilg.be\/blog\/wp-content\/uploads\/2016\/03\/2016-01-ConnectIng.pdf\" rel=\"attachment wp-att-822\"><img data-recalc-dims=\"1\" loading=\"lazy\" decoding=\"async\" class=\"alignnone size-large wp-image-822\" src=\"https:\/\/i0.wp.com\/uilg.be\/blog\/wp-content\/uploads\/2016\/03\/2016-01-ConnectIng-1.jpg?resize=584%2C826\" alt=\"2016-01-Connect'Ing\" width=\"584\" height=\"826\" srcset=\"https:\/\/i0.wp.com\/uilg.be\/blog\/wp-content\/uploads\/2016\/03\/2016-01-ConnectIng-1.jpg?resize=724%2C1024&amp;ssl=1 724w, https:\/\/i0.wp.com\/uilg.be\/blog\/wp-content\/uploads\/2016\/03\/2016-01-ConnectIng-1.jpg?resize=212%2C300&amp;ssl=1 212w, https:\/\/i0.wp.com\/uilg.be\/blog\/wp-content\/uploads\/2016\/03\/2016-01-ConnectIng-1.jpg?resize=768%2C1086&amp;ssl=1 768w, https:\/\/i0.wp.com\/uilg.be\/blog\/wp-content\/uploads\/2016\/03\/2016-01-ConnectIng-1.jpg?w=1240&amp;ssl=1 1240w, https:\/\/i0.wp.com\/uilg.be\/blog\/wp-content\/uploads\/2016\/03\/2016-01-ConnectIng-1.jpg?w=1168 1168w\" sizes=\"auto, (max-width: 584px) 100vw, 584px\" \/><\/a><\/p>\n","protected":false},"excerpt":{"rendered":"<p>Comme chaque ann\u00e9e, l&rsquo;Assembl\u00e9e G\u00e9n\u00e9rale offre\u00a0l&rsquo;occasion pour tous les membres d\u00e9sireux de s&rsquo;impliquer dans la d\u00e9fense de nos int\u00e9r\u00eats de se porter candidat au Conseil d&rsquo;Administration ou, plus modestement, de proposer une aide ponctuelle dans notre travail au jour le &hellip; <a href=\"https:\/\/uilg.be\/blog\/candidature-conseil-dadministration-de-luilg\/\">Continuer la lecture <span class=\"meta-nav\">&rarr;<\/span><\/a><\/p>\n","protected":false},"author":1,"featured_media":0,"comment_status":"open","ping_status":"open","sticky":false,"template":"","format":"standard","meta":{"_monsterinsights_skip_tracking":false,"_monsterinsights_sitenote_active":false,"_monsterinsights_sitenote_note":"","_monsterinsights_sitenote_category":0,"jetpack_post_was_ever_published":false,"_jetpack_newsletter_access":"","_jetpack_dont_email_post_to_subs":false,"_jetpack_newsletter_tier_id":0,"_jetpack_memberships_contains_paywalled_content":false,"_jetpack_memberships_contains_paid_content":false,"footnotes":"","jetpack_publicize_message":"","jetpack_publicize_feature_enabled":true,"jetpack_social_post_already_shared":true,"jetpack_social_options":{"image_generator_settings":{"template":"highway","default_image_id":0,"font":"","enabled":false},"version":2}},"categories":[37],"tags":[92,94],"class_list":["post-826","post","type-post","status-publish","format-standard","hentry","category-uilg-2","tag-candidature","tag-conseil-dadministration"],"jetpack_publicize_connections":[],"jetpack_featured_media_url":"","jetpack_shortlink":"https:\/\/wp.me\/p3rzaT-dk","jetpack_sharing_enabled":true,"_links":{"self":[{"href":"https:\/\/uilg.be\/blog\/wp-json\/wp\/v2\/posts\/826","targetHints":{"allow":["GET"]}}],"collection":[{"href":"https:\/\/uilg.be\/blog\/wp-json\/wp\/v2\/posts"}],"about":[{"href":"https:\/\/uilg.be\/blog\/wp-json\/wp\/v2\/types\/post"}],"author":[{"embeddable":true,"href":"https:\/\/uilg.be\/blog\/wp-json\/wp\/v2\/users\/1"}],"replies":[{"embeddable":true,"href":"https:\/\/uilg.be\/blog\/wp-json\/wp\/v2\/comments?post=826"}],"version-history":[{"count":1,"href":"https:\/\/uilg.be\/blog\/wp-json\/wp\/v2\/posts\/826\/revisions"}],"predecessor-version":[{"id":827,"href":"https:\/\/uilg.be\/blog\/wp-json\/wp\/v2\/posts\/826\/revisions\/827"}],"wp:attachment":[{"href":"https:\/\/uilg.be\/blog\/wp-json\/wp\/v2\/media?parent=826"}],"wp:term":[{"taxonomy":"category","embeddable":true,"href":"https:\/\/uilg.be\/blog\/wp-json\/wp\/v2\/categories?post=826"},{"taxonomy":"post_tag","embeddable":true,"href":"https:\/\/uilg.be\/blog\/wp-json\/wp\/v2\/tags?post=826"}],"curies":[{"name":"wp","href":"https:\/\/api.w.org\/{rel}","templated":true}]}}