{"id":829,"date":"2016-04-08T07:13:39","date_gmt":"2016-04-08T05:13:39","guid":{"rendered":"http:\/\/uilg.be\/blog\/?p=829"},"modified":"2016-04-08T07:13:39","modified_gmt":"2016-04-08T05:13:39","slug":"hepl-championnats-de-belgique-metiers-techniques-nos-etudiants-recompenses-aux-startechs-days","status":"publish","type":"post","link":"https:\/\/uilg.be\/blog\/hepl-championnats-de-belgique-metiers-techniques-nos-etudiants-recompenses-aux-startechs-days\/","title":{"rendered":"HEPL : Championnats de Belgique des m\u00e9tiers techniques: nos \u00e9tudiants r\u00e9compens\u00e9s aux Startech&rsquo;s Days"},"content":{"rendered":"<p><strong>Podium et m\u00e9dailles pour 6 \u00e9tudiants de l\u2019Enseignement de la Province de Li\u00e8ge<\/strong><\/p>\n<p><img data-recalc-dims=\"1\" decoding=\"async\" class=\"alignleft\" src=\"https:\/\/i0.wp.com\/www.provincedeliege.be\/sites\/default\/files\/styles\/plg_medias_250\/public\/media\/10437\/StartechDays12819177_1674493799482183_4386143940832598129_o.jpg?w=584\" alt=\"\" \/><\/p>\n<p>Six \u00e9tudiants de l&rsquo;Enseignement de la Province de Li\u00e8ge ont \u00e9t\u00e9 m\u00e9daill\u00e9s lors du Championnat de Belgique des M\u00e9tiers techniques. Ces \u00ab Startech&rsquo;s Days \u00bb, organis\u00e9s par Worldskills Belgium, ont rassembl\u00e9 230 participants les 14 et 15 mars 2016 \u00e0 Bruxelles, Charleroi et Seraing.<\/p>\n<p>10 \u00e9tudiants de la Haute l&rsquo;Ecole et 5 \u00e9l\u00e8ves de l&rsquo;Enseignement secondaire provincial faisaient partie de ces 230 finalistes et 6 d&rsquo;entre eux figurent donc dans les 98 m\u00e9daill\u00e9s. L&rsquo;Ecole Polytechnique de Seraing a pour sa part accueilli les 64 finalistes des cat\u00e9gories <em>Art Floral, Coiffure, Cuisine, Eb\u00e9nisterie, Fashion, Technology, Hotel Reception, Menuiserie, Service en salle et Technologie automobile<\/em>.<\/p>\n<p>La remise des prix des Startech&rsquo;s Days se d\u00e9roulait ce mercredi 23 mars 2016. En raison des attentats de Bruxelles, la c\u00e9r\u00e9monie officielle avait \u00e9t\u00e9 annul\u00e9e et la proclamation a eu lieu sur Facebook.<\/p>\n<p>Les m\u00e9daill\u00e9s recevront chacun une formation technique et un coaching de d\u00e9veloppement personnel. Une vingtaine d&rsquo;entre eux sera ensuite s\u00e9lectionn\u00e9e pour faire partie du Belgian Team qui participera \u00e0 EuroSkills 2016, le Championnat d&rsquo;Europe des M\u00e9tiers qui aura lieu \u00e0 G\u00f6teborg.<\/p>\n<p>V\u00e9ritables ambassadeurs et ambassadrices de leur m\u00e9tier, des \u00e9tudes techniques et de l&rsquo;enseignement provincial, six \u00e9tudiants et \u00e9l\u00e8ves de l&rsquo;Enseignement de la Province de Li\u00e8ge ont donc atteint le podium dans leur cat\u00e9gorie et ont obtenu une m\u00e9daille d&rsquo;or, d&rsquo;argent ou de bronze.<\/p>\n<p><strong>Cat\u00e9gorie \u00ab CAO \/DAO Industriel \u00bb<\/strong><\/p>\n<ul>\n<li>M\u00e9daille d&rsquo;or : <strong>Pierre-Julien Dalle Mulle<\/strong> (Haute Ecole de la Province de Li\u00e8ge)<\/li>\n<li>M\u00e9daille d&rsquo;argent : <strong>Loic Forthomme<\/strong> (Haute Ecole de la Province de Li\u00e8ge)<\/li>\n<li>M\u00e9daille de bronze: <strong>Guillaume Ruwet<\/strong> (Haute Ecole de la Province de Li\u00e8ge)<\/li>\n<\/ul>\n<p>Etudes suivies\u00a0: \u00ab <a href=\"http:\/\/www.provincedeliege.be\/fr\/node\/744\" target=\"_self\">Bachelier en \u00e9lectrom\u00e9canique <\/a>\u00bb<\/p>\n<p><strong>Cat\u00e9gorie \u00ab Gestion des r\u00e9seaux IT \u00bb<\/strong><\/p>\n<ul>\n<li>M\u00e9daille d&rsquo;or : <strong>Guillaume Braibant<\/strong> (Haute Ecole de la Province de Li\u00e8ge)<\/li>\n<li>M\u00e9daille de bronze : <strong>Vincent Delvenne<\/strong> (Haute Ecole de la Province de Li\u00e8ge)<\/li>\n<\/ul>\n<p>Etudes suivies\u00a0: \u00ab <a href=\"http:\/\/www.provincedeliege.be\/fr\/node\/744\">Ing\u00e9nieur industriel<\/a> \u00bb<\/p>\n<p><strong>Cat\u00e9gorie \u00ab Coiffure \u00bb<\/strong><\/p>\n<ul>\n<li>M\u00e9daille d&rsquo;argent : <strong>Soraya M&rsquo;Guedmini<\/strong> (IPES Hesbaye)<\/li>\n<\/ul>\n<p>Etudes suivies\u00a0: Enseignement secondaire professionnel, <a href=\"http:\/\/www.provincedeliege.be\/fr\/node\/2171\">section \u00ab coiffure \u00bb<\/a><\/p>\n<div class=\"clear\">\n<p><span class=\"embed-youtube\" style=\"text-align:center; display: block;\"><iframe loading=\"lazy\" class=\"youtube-player\" width=\"584\" height=\"329\" src=\"https:\/\/www.youtube.com\/embed\/7nYPaa7wC2U?version=3&#038;rel=1&#038;showsearch=0&#038;showinfo=1&#038;iv_load_policy=1&#038;fs=1&#038;hl=fr-FR&#038;autohide=2&#038;wmode=transparent\" allowfullscreen=\"true\" style=\"border:0;\" sandbox=\"allow-scripts allow-same-origin allow-popups allow-presentation allow-popups-to-escape-sandbox\"><\/iframe><\/span><\/p>\n<p><strong>Source :\u00a0<\/strong><a href=\"http:\/\/www.provincedeliege.be\/fr\/evenement\/27?nid=10437&amp;from=actu\">http:\/\/www.provincedeliege.be\/fr\/evenement\/27?nid=10437&amp;from=actu<\/a><\/p>\n<\/div>\n<p>&nbsp;<\/p>\n<div class=\"centre\"><\/div>\n","protected":false},"excerpt":{"rendered":"<p>Podium et m\u00e9dailles pour 6 \u00e9tudiants de l\u2019Enseignement de la Province de Li\u00e8ge Six \u00e9tudiants de l&rsquo;Enseignement de la Province de Li\u00e8ge ont \u00e9t\u00e9 m\u00e9daill\u00e9s lors du Championnat de Belgique des M\u00e9tiers techniques. Ces \u00ab Startech&rsquo;s Days \u00bb, organis\u00e9s par &hellip; <a href=\"https:\/\/uilg.be\/blog\/hepl-championnats-de-belgique-metiers-techniques-nos-etudiants-recompenses-aux-startechs-days\/\">Continuer la lecture <span class=\"meta-nav\">&rarr;<\/span><\/a><\/p>\n","protected":false},"author":1,"featured_media":0,"comment_status":"open","ping_status":"open","sticky":false,"template":"","format":"standard","meta":{"_monsterinsights_skip_tracking":false,"_monsterinsights_sitenote_active":false,"_monsterinsights_sitenote_note":"","_monsterinsights_sitenote_category":0,"jetpack_post_was_ever_published":false,"_jetpack_newsletter_access":"","_jetpack_dont_email_post_to_subs":false,"_jetpack_newsletter_tier_id":0,"_jetpack_memberships_contains_paywalled_content":false,"_jetpack_memberships_contains_paid_content":false,"footnotes":"","jetpack_publicize_message":"","jetpack_publicize_feature_enabled":true,"jetpack_social_post_already_shared":true,"jetpack_social_options":{"image_generator_settings":{"template":"highway","default_image_id":0,"font":"","enabled":false},"version":2}},"categories":[36],"tags":[],"class_list":["post-829","post","type-post","status-publish","format-standard","hentry","category-hepl-2"],"jetpack_publicize_connections":[],"jetpack_featured_media_url":"","jetpack_shortlink":"https:\/\/wp.me\/p3rzaT-dn","jetpack_sharing_enabled":true,"_links":{"self":[{"href":"https:\/\/uilg.be\/blog\/wp-json\/wp\/v2\/posts\/829","targetHints":{"allow":["GET"]}}],"collection":[{"href":"https:\/\/uilg.be\/blog\/wp-json\/wp\/v2\/posts"}],"about":[{"href":"https:\/\/uilg.be\/blog\/wp-json\/wp\/v2\/types\/post"}],"author":[{"embeddable":true,"href":"https:\/\/uilg.be\/blog\/wp-json\/wp\/v2\/users\/1"}],"replies":[{"embeddable":true,"href":"https:\/\/uilg.be\/blog\/wp-json\/wp\/v2\/comments?post=829"}],"version-history":[{"count":1,"href":"https:\/\/uilg.be\/blog\/wp-json\/wp\/v2\/posts\/829\/revisions"}],"predecessor-version":[{"id":830,"href":"https:\/\/uilg.be\/blog\/wp-json\/wp\/v2\/posts\/829\/revisions\/830"}],"wp:attachment":[{"href":"https:\/\/uilg.be\/blog\/wp-json\/wp\/v2\/media?parent=829"}],"wp:term":[{"taxonomy":"category","embeddable":true,"href":"https:\/\/uilg.be\/blog\/wp-json\/wp\/v2\/categories?post=829"},{"taxonomy":"post_tag","embeddable":true,"href":"https:\/\/uilg.be\/blog\/wp-json\/wp\/v2\/tags?post=829"}],"curies":[{"name":"wp","href":"https:\/\/api.w.org\/{rel}","templated":true}]}}