{"id":833,"date":"2016-04-08T17:18:38","date_gmt":"2016-04-08T15:18:38","guid":{"rendered":"http:\/\/uilg.be\/blog\/?p=833"},"modified":"2016-04-08T07:22:10","modified_gmt":"2016-04-08T05:22:10","slug":"22-avril-a-23h02-cest-a-moment-precis-quest-prevu-lancement-nanosatellite-liegeois-oufti-1-cubesat-kourou","status":"publish","type":"post","link":"https:\/\/uilg.be\/blog\/22-avril-a-23h02-cest-a-moment-precis-quest-prevu-lancement-nanosatellite-liegeois-oufti-1-cubesat-kourou\/","title":{"rendered":"Le 22 avril \u00e0 23h02 : c&rsquo;est \u00e0 ce moment pr\u00e9cis qu&rsquo;est pr\u00e9vu le lancement du nanosatellite li\u00e9geois Oufti-1 Cubesat depuis Kourou !"},"content":{"rendered":"<p>Les futurs ing\u00e9nieurs industriels en \u00e9lectronique et bacheliers en informatique et syst\u00e8mes de la HEPL ont activement particip\u00e9 \u00e0 ce projet de longue haleine ! Red\u00e9couvrez l&rsquo;article que M@G TECH avait consacr\u00e9 \u00e0 leur travail : <a href=\"http:\/\/www.provincedeliege.be\/fr\/evenement\/27?nid=9437\" target=\"_blank\" rel=\"nofollow\">http:\/\/www.provincedeliege.be\/fr\/evenement\/27?nid=9437<\/a>.<br \/>\nL&rsquo;<a class=\"profileLink\" href=\"https:\/\/www.facebook.com\/universitedeliege\/\" data-hovercard=\"\/ajax\/hovercard\/page.php?id=135154789883767\">Universit\u00e9 de Li\u00e8ge (ULg)<\/a> organise une soir\u00e9e sp\u00e9ciale le 22 avril pour assister en direct au lancement d&rsquo;OUFTI-1 et partir \u00e0 la d\u00e9couverte des d\u00e9fis du spatial dans notre r\u00e9gion avec les acteurs \u00e9tudiants, acad\u00e9miques et industriels. Inscrivez-vous sur <a href=\"http:\/\/www.oufti-1.be\/\" target=\"_blank\" rel=\"nofollow\">www.OUFTI-1.be.<\/a><\/p>\n<p><img decoding=\"async\" src=\"https:\/\/scontent-bru2-1.xx.fbcdn.net\/hphotos-xta1\/t31.0-8\/11221377_508444372647060_8822338998483386566_o.jpg\" alt=\"\" \/><\/p>\n<p><strong>Source :\u00a0<\/strong><a href=\"https:\/\/www.facebook.com\/hepl.be\/posts\/595234173968079\">https:\/\/www.facebook.com\/hepl.be\/posts\/595234173968079<\/a><\/p>\n","protected":false},"excerpt":{"rendered":"<p>Les futurs ing\u00e9nieurs industriels en \u00e9lectronique et bacheliers en informatique et syst\u00e8mes de la HEPL ont activement particip\u00e9 \u00e0 ce projet de longue haleine ! Red\u00e9couvrez l&rsquo;article que M@G TECH avait consacr\u00e9 \u00e0 leur travail : http:\/\/www.provincedeliege.be\/fr\/evenement\/27?nid=9437. L&rsquo;Universit\u00e9 de Li\u00e8ge &hellip; <a href=\"https:\/\/uilg.be\/blog\/22-avril-a-23h02-cest-a-moment-precis-quest-prevu-lancement-nanosatellite-liegeois-oufti-1-cubesat-kourou\/\">Continuer la lecture <span class=\"meta-nav\">&rarr;<\/span><\/a><\/p>\n","protected":false},"author":1,"featured_media":0,"comment_status":"open","ping_status":"open","sticky":false,"template":"","format":"standard","meta":{"_monsterinsights_skip_tracking":false,"_monsterinsights_sitenote_active":false,"_monsterinsights_sitenote_note":"","_monsterinsights_sitenote_category":0,"jetpack_post_was_ever_published":false,"_jetpack_newsletter_access":"","_jetpack_dont_email_post_to_subs":false,"_jetpack_newsletter_tier_id":0,"_jetpack_memberships_contains_paywalled_content":false,"_jetpack_memberships_contains_paid_content":false,"footnotes":"","jetpack_publicize_message":"","jetpack_publicize_feature_enabled":true,"jetpack_social_post_already_shared":true,"jetpack_social_options":{"image_generator_settings":{"template":"highway","default_image_id":0,"font":"","enabled":false},"version":2}},"categories":[36],"tags":[95],"class_list":["post-833","post","type-post","status-publish","format-standard","hentry","category-hepl-2","tag-oufti-1"],"jetpack_publicize_connections":[],"jetpack_featured_media_url":"","jetpack_shortlink":"https:\/\/wp.me\/p3rzaT-dr","jetpack_sharing_enabled":true,"_links":{"self":[{"href":"https:\/\/uilg.be\/blog\/wp-json\/wp\/v2\/posts\/833","targetHints":{"allow":["GET"]}}],"collection":[{"href":"https:\/\/uilg.be\/blog\/wp-json\/wp\/v2\/posts"}],"about":[{"href":"https:\/\/uilg.be\/blog\/wp-json\/wp\/v2\/types\/post"}],"author":[{"embeddable":true,"href":"https:\/\/uilg.be\/blog\/wp-json\/wp\/v2\/users\/1"}],"replies":[{"embeddable":true,"href":"https:\/\/uilg.be\/blog\/wp-json\/wp\/v2\/comments?post=833"}],"version-history":[{"count":1,"href":"https:\/\/uilg.be\/blog\/wp-json\/wp\/v2\/posts\/833\/revisions"}],"predecessor-version":[{"id":834,"href":"https:\/\/uilg.be\/blog\/wp-json\/wp\/v2\/posts\/833\/revisions\/834"}],"wp:attachment":[{"href":"https:\/\/uilg.be\/blog\/wp-json\/wp\/v2\/media?parent=833"}],"wp:term":[{"taxonomy":"category","embeddable":true,"href":"https:\/\/uilg.be\/blog\/wp-json\/wp\/v2\/categories?post=833"},{"taxonomy":"post_tag","embeddable":true,"href":"https:\/\/uilg.be\/blog\/wp-json\/wp\/v2\/tags?post=833"}],"curies":[{"name":"wp","href":"https:\/\/api.w.org\/{rel}","templated":true}]}}