{"id":34,"count":7,"description":"","link":"https:\/\/uilg.be\/blog\/tag\/assemblee-generale\/","name":"Assembl\u00e9e G\u00e9n\u00e9rale","slug":"assemblee-generale","taxonomy":"post_tag","meta":[],"_links":{"self":[{"href":"https:\/\/uilg.be\/blog\/wp-json\/wp\/v2\/tags\/34","targetHints":{"allow":["GET"]}}],"collection":[{"href":"https:\/\/uilg.be\/blog\/wp-json\/wp\/v2\/tags"}],"about":[{"href":"https:\/\/uilg.be\/blog\/wp-json\/wp\/v2\/taxonomies\/post_tag"}],"wp:post_type":[{"href":"https:\/\/uilg.be\/blog\/wp-json\/wp\/v2\/posts?tags=34"}],"curies":[{"name":"wp","href":"https:\/\/api.w.org\/{rel}","templated":true}]}}